{"id":19323,"date":"2023-09-20T09:06:57","date_gmt":"2023-09-20T09:06:57","guid":{"rendered":"https:\/\/mallorcapremiumtours.com\/blog\/mallorca-in-3-days\/"},"modified":"2025-11-23T21:06:10","modified_gmt":"2025-11-23T21:06:10","slug":"mallorca-in-3-days","status":"publish","type":"post","link":"https:\/\/mallorcapremiumtours.com\/en\/blog\/mallorca-in-3-days\/","title":{"rendered":"Mallorca in 3 days"},"content":{"rendered":"\t\t<div data-elementor-type=\"wp-post\" data-elementor-id=\"19323\" class=\"elementor elementor-19323 elementor-19200\" data-elementor-post-type=\"post\">\n\t\t\t\t\t\t<section class=\"elementor-section elementor-top-section elementor-element elementor-element-323a0369 elementor-section-stretched elementor-section-full_width elementor-section-height-default elementor-section-height-default\" data-id=\"323a0369\" data-element_type=\"section\" data-e-type=\"section\" data-settings=\"{&quot;stretch_section&quot;:&quot;section-stretched&quot;,&quot;background_background&quot;:&quot;classic&quot;}\">\n\t\t\t\t\t\t<div class=\"elementor-container elementor-column-gap-default\">\n\t\t\t\t\t<div class=\"elementor-column elementor-col-100 elementor-top-column elementor-element elementor-element-187ba39a\" data-id=\"187ba39a\" data-element_type=\"column\" data-e-type=\"column\">\n\t\t\t<div class=\"elementor-widget-wrap elementor-element-populated\">\n\t\t\t\t\t\t<div class=\"elementor-element elementor-element-3a7fc3a elementor--h-position-center elementor--v-position-middle elementor-arrows-position-inside elementor-pagination-position-inside elementor-widget elementor-widget-slides\" data-id=\"3a7fc3a\" data-element_type=\"widget\" data-e-type=\"widget\" data-settings=\"{&quot;navigation&quot;:&quot;both&quot;,&quot;autoplay&quot;:&quot;yes&quot;,&quot;pause_on_hover&quot;:&quot;yes&quot;,&quot;pause_on_interaction&quot;:&quot;yes&quot;,&quot;autoplay_speed&quot;:5000,&quot;infinite&quot;:&quot;yes&quot;,&quot;transition&quot;:&quot;slide&quot;,&quot;transition_speed&quot;:500}\" data-widget_type=\"slides.default\">\n\t\t\t\t<div class=\"elementor-widget-container\">\n\t\t\t\t\t\t\t\t\t<div class=\"elementor-swiper\">\n\t\t\t\t\t<div class=\"elementor-slides-wrapper elementor-main-swiper swiper\" role=\"region\" aria-roledescription=\"carousel\" aria-label=\"Diapositivas\" dir=\"ltr\" data-animation=\"fadeInUp\">\n\t\t\t\t<div class=\"swiper-wrapper elementor-slides\">\n\t\t\t\t\t\t\t\t\t\t<div class=\"elementor-repeater-item-b97b1b7 swiper-slide\" role=\"group\" aria-roledescription=\"slide\"><div class=\"swiper-slide-bg\"><\/div><div class=\"swiper-slide-inner\" ><div class=\"swiper-slide-contents\"><div class=\"elementor-slide-heading\">Mallorca in 3 days.<\/div><div class=\"elementor-slide-description\"><p>Interesting things to do in Palma de Mallorca<\/p>\n<\/div><a href=\"https:\/\/mallorcapremiumtours.com\/en\/blog-mallorca-premium-tours\/\" class=\"elementor-button elementor-slide-button elementor-size-sm\">Back to Blog<\/a><\/div><\/div><\/div>\t\t\t\t<\/div>\n\t\t\t\t\t\t\t<\/div>\n\t\t\t\t<\/div>\n\t\t\t\t\t\t\t\t<\/div>\n\t\t\t\t<\/div>\n\t\t\t\t\t<\/div>\n\t\t<\/div>\n\t\t\t\t\t<\/div>\n\t\t<\/section>\n\t\t\t\t<section class=\"elementor-section elementor-top-section elementor-element elementor-element-4230eae9 elementor-section-stretched elementor-section-boxed elementor-section-height-default elementor-section-height-default\" data-id=\"4230eae9\" data-element_type=\"section\" data-e-type=\"section\" data-settings=\"{&quot;stretch_section&quot;:&quot;section-stretched&quot;,&quot;background_background&quot;:&quot;classic&quot;}\">\n\t\t\t\t\t\t<div class=\"elementor-container elementor-column-gap-default\">\n\t\t\t\t\t<div class=\"elementor-column elementor-col-100 elementor-top-column elementor-element elementor-element-71872a18\" data-id=\"71872a18\" data-element_type=\"column\" data-e-type=\"column\">\n\t\t\t<div class=\"elementor-widget-wrap elementor-element-populated\">\n\t\t\t\t\t\t<div class=\"elementor-element elementor-element-5f3733bc elementor-share-buttons--view-icon elementor-share-buttons--shape-circle elementor-share-buttons--skin-gradient elementor-grid-0 elementor-share-buttons--color-official elementor-widget elementor-widget-share-buttons\" data-id=\"5f3733bc\" data-element_type=\"widget\" data-e-type=\"widget\" data-widget_type=\"share-buttons.default\">\n\t\t\t\t<div class=\"elementor-widget-container\">\n\t\t\t\t\t\t\t<div class=\"elementor-grid\" role=\"list\">\n\t\t\t\t\t\t\t\t<div class=\"elementor-grid-item\" role=\"listitem\">\n\t\t\t\t\t\t<div class=\"elementor-share-btn elementor-share-btn_facebook\" role=\"button\" tabindex=\"0\" aria-label=\"Share on facebook\">\n\t\t\t\t\t\t\t\t\t\t\t\t\t\t\t<span class=\"elementor-share-btn__icon\">\n\t\t\t\t\t\t\t\t<i class=\"fab fa-facebook\" aria-hidden=\"true\"><\/i>\t\t\t\t\t\t\t<\/span>\n\t\t\t\t\t\t\t\t\t\t\t\t\t\t\t\t\t\t\t\t<\/div>\n\t\t\t\t\t<\/div>\n\t\t\t\t\t\t\t\t\t<div class=\"elementor-grid-item\" role=\"listitem\">\n\t\t\t\t\t\t<div class=\"elementor-share-btn elementor-share-btn_twitter\" role=\"button\" tabindex=\"0\" aria-label=\"Share on twitter\">\n\t\t\t\t\t\t\t\t\t\t\t\t\t\t\t<span class=\"elementor-share-btn__icon\">\n\t\t\t\t\t\t\t\t<i class=\"fab fa-twitter\" aria-hidden=\"true\"><\/i>\t\t\t\t\t\t\t<\/span>\n\t\t\t\t\t\t\t\t\t\t\t\t\t\t\t\t\t\t\t\t<\/div>\n\t\t\t\t\t<\/div>\n\t\t\t\t\t\t\t\t\t<div class=\"elementor-grid-item\" role=\"listitem\">\n\t\t\t\t\t\t<div class=\"elementor-share-btn elementor-share-btn_whatsapp\" role=\"button\" tabindex=\"0\" aria-label=\"Share on whatsapp\">\n\t\t\t\t\t\t\t\t\t\t\t\t\t\t\t<span class=\"elementor-share-btn__icon\">\n\t\t\t\t\t\t\t\t<i class=\"fab fa-whatsapp\" aria-hidden=\"true\"><\/i>\t\t\t\t\t\t\t<\/span>\n\t\t\t\t\t\t\t\t\t\t\t\t\t\t\t\t\t\t\t\t<\/div>\n\t\t\t\t\t<\/div>\n\t\t\t\t\t\t\t\t\t<div class=\"elementor-grid-item\" role=\"listitem\">\n\t\t\t\t\t\t<div class=\"elementor-share-btn elementor-share-btn_email\" role=\"button\" tabindex=\"0\" aria-label=\"Share on email\">\n\t\t\t\t\t\t\t\t\t\t\t\t\t\t\t<span class=\"elementor-share-btn__icon\">\n\t\t\t\t\t\t\t\t<i class=\"fas fa-envelope\" aria-hidden=\"true\"><\/i>\t\t\t\t\t\t\t<\/span>\n\t\t\t\t\t\t\t\t\t\t\t\t\t\t\t\t\t\t\t\t<\/div>\n\t\t\t\t\t<\/div>\n\t\t\t\t\t\t\t\t\t<div class=\"elementor-grid-item\" role=\"listitem\">\n\t\t\t\t\t\t<div class=\"elementor-share-btn elementor-share-btn_pinterest\" role=\"button\" tabindex=\"0\" aria-label=\"Share on pinterest\">\n\t\t\t\t\t\t\t\t\t\t\t\t\t\t\t<span class=\"elementor-share-btn__icon\">\n\t\t\t\t\t\t\t\t<i class=\"fab fa-pinterest\" aria-hidden=\"true\"><\/i>\t\t\t\t\t\t\t<\/span>\n\t\t\t\t\t\t\t\t\t\t\t\t\t\t\t\t\t\t\t\t<\/div>\n\t\t\t\t\t<\/div>\n\t\t\t\t\t\t\t\t\t<div class=\"elementor-grid-item\" role=\"listitem\">\n\t\t\t\t\t\t<div class=\"elementor-share-btn elementor-share-btn_linkedin\" role=\"button\" tabindex=\"0\" aria-label=\"Share on linkedin\">\n\t\t\t\t\t\t\t\t\t\t\t\t\t\t\t<span class=\"elementor-share-btn__icon\">\n\t\t\t\t\t\t\t\t<i class=\"fab fa-linkedin\" aria-hidden=\"true\"><\/i>\t\t\t\t\t\t\t<\/span>\n\t\t\t\t\t\t\t\t\t\t\t\t\t\t\t\t\t\t\t\t<\/div>\n\t\t\t\t\t<\/div>\n\t\t\t\t\t\t<\/div>\n\t\t\t\t\t\t<\/div>\n\t\t\t\t<\/div>\n\t\t\t\t\t<\/div>\n\t\t<\/div>\n\t\t\t\t\t<\/div>\n\t\t<\/section>\n\t\t\t\t<section class=\"elementor-section elementor-top-section elementor-element elementor-element-4a5a21b3 elementor-section-stretched elementor-section-boxed elementor-section-height-default elementor-section-height-default\" data-id=\"4a5a21b3\" data-element_type=\"section\" data-e-type=\"section\" data-settings=\"{&quot;stretch_section&quot;:&quot;section-stretched&quot;,&quot;background_background&quot;:&quot;classic&quot;}\">\n\t\t\t\t\t\t<div class=\"elementor-container elementor-column-gap-default\">\n\t\t\t\t\t<div class=\"elementor-column elementor-col-100 elementor-top-column elementor-element elementor-element-6ba7f538\" data-id=\"6ba7f538\" data-element_type=\"column\" data-e-type=\"column\">\n\t\t\t<div class=\"elementor-widget-wrap elementor-element-populated\">\n\t\t\t\t\t\t<div class=\"elementor-element elementor-element-2470769a elementor-post-navigation-borders-yes elementor-invisible elementor-widget elementor-widget-post-navigation\" data-id=\"2470769a\" data-element_type=\"widget\" data-e-type=\"widget\" data-settings=\"{&quot;_animation&quot;:&quot;zoomIn&quot;}\" data-widget_type=\"post-navigation.default\">\n\t\t\t\t<div class=\"elementor-widget-container\">\n\t\t\t\t\t\t\t<div class=\"elementor-post-navigation\" role=\"navigation\" aria-label=\"Post Navigation\">\n\t\t\t<div class=\"elementor-post-navigation__prev elementor-post-navigation__link\">\n\t\t\t\t<a href=\"https:\/\/mallorcapremiumtours.com\/en\/blog\/viewpoints-of-mallorca\/\" rel=\"prev\"><span class=\"post-navigation__arrow-wrapper post-navigation__arrow-prev\"><i aria-hidden=\"true\" class=\"fas fa-angle-left\"><\/i><span class=\"elementor-screen-only\">Prev<\/span><\/span><span class=\"elementor-post-navigation__link__prev\"><span class=\"post-navigation__prev--label\">Previous<\/span><span class=\"post-navigation__prev--title\">Viewpoints of Mallorca<\/span><\/span><\/a>\t\t\t<\/div>\n\t\t\t\t\t\t\t<div class=\"elementor-post-navigation__separator-wrapper\">\n\t\t\t\t\t<div class=\"elementor-post-navigation__separator\"><\/div>\n\t\t\t\t<\/div>\n\t\t\t\t\t\t<div class=\"elementor-post-navigation__next elementor-post-navigation__link\">\n\t\t\t\t<a href=\"https:\/\/mallorcapremiumtours.com\/en\/blog\/christmas-in-mallorca\/\" rel=\"next\"><span class=\"elementor-post-navigation__link__next\"><span class=\"post-navigation__next--label\">Next<\/span><span class=\"post-navigation__next--title\">Christmas in Mallorca<\/span><\/span><span class=\"post-navigation__arrow-wrapper post-navigation__arrow-next\"><i aria-hidden=\"true\" class=\"fas fa-angle-right\"><\/i><span class=\"elementor-screen-only\">Next<\/span><\/span><\/a>\t\t\t<\/div>\n\t\t<\/div>\n\t\t\t\t\t\t<\/div>\n\t\t\t\t<\/div>\n\t\t\t\t\t<\/div>\n\t\t<\/div>\n\t\t\t\t\t<\/div>\n\t\t<\/section>\n\t\t\t\t<section class=\"elementor-section elementor-top-section elementor-element elementor-element-1c74d322 elementor-section-stretched elementor-section-full_width elementor-section-height-default elementor-section-height-default\" data-id=\"1c74d322\" data-element_type=\"section\" data-e-type=\"section\" data-settings=\"{&quot;stretch_section&quot;:&quot;section-stretched&quot;,&quot;background_background&quot;:&quot;classic&quot;}\">\n\t\t\t\t\t\t<div class=\"elementor-container elementor-column-gap-default\">\n\t\t\t\t\t<div class=\"elementor-column elementor-col-100 elementor-top-column elementor-element elementor-element-686a9acb\" data-id=\"686a9acb\" data-element_type=\"column\" data-e-type=\"column\">\n\t\t\t<div class=\"elementor-widget-wrap elementor-element-populated\">\n\t\t\t\t\t\t<section class=\"elementor-section elementor-inner-section elementor-element elementor-element-210ce46d elementor-section-boxed elementor-section-height-default elementor-section-height-default\" data-id=\"210ce46d\" data-element_type=\"section\" data-e-type=\"section\">\n\t\t\t\t\t\t<div class=\"elementor-container elementor-column-gap-default\">\n\t\t\t\t\t<div class=\"elementor-column elementor-col-50 elementor-inner-column elementor-element elementor-element-3790df15\" data-id=\"3790df15\" data-element_type=\"column\" data-e-type=\"column\">\n\t\t\t<div class=\"elementor-widget-wrap elementor-element-populated\">\n\t\t\t\t\t\t<div class=\"elementor-element elementor-element-1ffba2b1 elementor-widget elementor-widget-heading\" data-id=\"1ffba2b1\" data-element_type=\"widget\" data-e-type=\"widget\" data-widget_type=\"heading.default\">\n\t\t\t\t<div class=\"elementor-widget-container\">\n\t\t\t\t\t<h1 class=\"elementor-heading-title elementor-size-default\">What to see in Mallorca in 3 days <\/h1>\t\t\t\t<\/div>\n\t\t\t\t<\/div>\n\t\t\t\t<div class=\"elementor-element elementor-element-49bb39e4 elementor-widget elementor-widget-text-editor\" data-id=\"49bb39e4\" data-element_type=\"widget\" data-e-type=\"widget\" data-widget_type=\"text-editor.default\">\n\t\t\t\t<div class=\"elementor-widget-container\">\n\t\t\t\t\t\t\t\t\t<p><span style=\"font-weight: 400;\">Mallorca has direct connections to many Spanish and European cities, if you need to disconnect for a few days and make a getaway, it can be an ideal place as it has a lot to offer. We propose a 3-day plan to tour, get to know and enjoy the best essence of the island and take away unforgettable memories.<\/span><\/p>\t\t\t\t\t\t\t\t<\/div>\n\t\t\t\t<\/div>\n\t\t\t\t\t<\/div>\n\t\t<\/div>\n\t\t\t\t<div class=\"elementor-column elementor-col-50 elementor-inner-column elementor-element elementor-element-4d114d24\" data-id=\"4d114d24\" data-element_type=\"column\" data-e-type=\"column\">\n\t\t\t<div class=\"elementor-widget-wrap elementor-element-populated\">\n\t\t\t\t\t\t<div class=\"elementor-element elementor-element-62c14cc7 elementor-invisible elementor-widget elementor-widget-wp-widget-recent-posts\" data-id=\"62c14cc7\" data-element_type=\"widget\" data-e-type=\"widget\" data-settings=\"{&quot;_animation&quot;:&quot;zoomIn&quot;}\" data-widget_type=\"wp-widget-recent-posts.default\">\n\t\t\t\t<div class=\"elementor-widget-container\">\n\t\t\t\t\t\n\t\t\n\t\t<h5>Recent entries<\/h5>\n\t\t<ul>\n\t\t\t\t\t\t\t\t\t\t\t<li>\n\t\t\t\t\t<a href=\"https:\/\/mallorcapremiumtours.com\/en\/blog\/secret-palma-discover-its-history-with-a-private-guide-among-courtyards-legends-and-the-cathedral-of-the-sea\/\">Secret Palma: discover its history with a private guide among courtyards, legends and the cathedral of the sea<\/a>\n\t\t\t\t\t\t\t\t\t<\/li>\n\t\t\t\t\t\t\t\t\t\t\t<li>\n\t\t\t\t\t<a href=\"https:\/\/mallorcapremiumtours.com\/en\/blog\/the-7-best-private-tours-in-mallorca-in-2025-two-must-try-experiences-by-mallorca-premium-tours\/\">Top 7 private tours in Mallorca in 2025: two must-sees from Mallorca Premium Tours<\/a>\n\t\t\t\t\t\t\t\t\t<\/li>\n\t\t\t\t\t\t\t\t\t\t\t<li>\n\t\t\t\t\t<a href=\"https:\/\/mallorcapremiumtours.com\/en\/blog\/craftsmanship-in-mallorca\/\">Craftsmanship in Mallorca<\/a>\n\t\t\t\t\t\t\t\t\t<\/li>\n\t\t\t\t\t\t\t\t\t\t\t<li>\n\t\t\t\t\t<a href=\"https:\/\/mallorcapremiumtours.com\/en\/blog\/christmas-in-mallorca\/\">Christmas in Mallorca<\/a>\n\t\t\t\t\t\t\t\t\t<\/li>\n\t\t\t\t\t\t\t\t\t\t\t<li>\n\t\t\t\t\t<a href=\"https:\/\/mallorcapremiumtours.com\/en\/blog\/mallorca-in-3-days\/\">Mallorca in 3 days<\/a>\n\t\t\t\t\t\t\t\t\t<\/li>\n\t\t\t\t\t<\/ul>\n\n\t\t\t\t\t\t<\/div>\n\t\t\t\t<\/div>\n\t\t\t\t\t<\/div>\n\t\t<\/div>\n\t\t\t\t\t<\/div>\n\t\t<\/section>\n\t\t\t\t<section class=\"elementor-section elementor-inner-section elementor-element elementor-element-3b0ac046 elementor-section-boxed elementor-section-height-default elementor-section-height-default\" data-id=\"3b0ac046\" data-element_type=\"section\" data-e-type=\"section\">\n\t\t\t\t\t\t<div class=\"elementor-container elementor-column-gap-default\">\n\t\t\t\t\t<div class=\"elementor-column elementor-col-100 elementor-inner-column elementor-element elementor-element-2d379dd4\" data-id=\"2d379dd4\" data-element_type=\"column\" data-e-type=\"column\">\n\t\t\t<div class=\"elementor-widget-wrap elementor-element-populated\">\n\t\t\t\t\t\t<div class=\"elementor-element elementor-element-1d4d2198 elementor-widget elementor-widget-heading\" data-id=\"1d4d2198\" data-element_type=\"widget\" data-e-type=\"widget\" data-widget_type=\"heading.default\">\n\t\t\t\t<div class=\"elementor-widget-container\">\n\t\t\t\t\t<h2 class=\"elementor-heading-title elementor-size-default\">Day 1- Essence of Majorca\n<\/h2>\t\t\t\t<\/div>\n\t\t\t\t<\/div>\n\t\t\t\t<div class=\"elementor-element elementor-element-8a1dca8 elementor-widget elementor-widget-text-editor\" data-id=\"8a1dca8\" data-element_type=\"widget\" data-e-type=\"widget\" data-widget_type=\"text-editor.default\">\n\t\t\t\t<div class=\"elementor-widget-container\">\n\t\t\t\t\t\t\t\t\t<p><span style=\"font-weight: 400;\">For the first day we propose a historical-cultural tour through the capital of the island and one of the most beautiful villages of the Serra de Tramuntana. With our tour  <\/span><a href=\"https:\/\/mallorcapremiumtours.com\/tours-en-mallorca\/mallorca-por-primera-vez\/\"><span style=\"font-weight: 400;\">Mallorca for the first time<\/span><\/a><span style=\"font-weight: 400;\">In the morning you can discover the charms of the island and enjoy the afternoon visiting some of the main monuments of the city: <\/span><b>The Cathedral, The Almudaina Palace, La Lonja or Bellver Castle.<\/b><span style=\"font-weight: 400;\"> But if you go on your own we leave you some recommendations:<\/span><\/p>\t\t\t\t\t\t\t\t<\/div>\n\t\t\t\t<\/div>\n\t\t\t\t\t<\/div>\n\t\t<\/div>\n\t\t\t\t\t<\/div>\n\t\t<\/section>\n\t\t\t\t<section class=\"elementor-section elementor-inner-section elementor-element elementor-element-4e8cebe8 elementor-section-boxed elementor-section-height-default elementor-section-height-default\" data-id=\"4e8cebe8\" data-element_type=\"section\" data-e-type=\"section\">\n\t\t\t\t\t\t<div class=\"elementor-container elementor-column-gap-default\">\n\t\t\t\t\t<div class=\"elementor-column elementor-col-100 elementor-inner-column elementor-element elementor-element-2be47e6\" data-id=\"2be47e6\" data-element_type=\"column\" data-e-type=\"column\">\n\t\t\t<div class=\"elementor-widget-wrap elementor-element-populated\">\n\t\t\t\t\t\t<div class=\"elementor-element elementor-element-4ef5c9ad elementor-widget elementor-widget-heading\" data-id=\"4ef5c9ad\" data-element_type=\"widget\" data-e-type=\"widget\" data-widget_type=\"heading.default\">\n\t\t\t\t<div class=\"elementor-widget-container\">\n\t\t\t\t\t<h3 class=\"elementor-heading-title elementor-size-default\">PALMA<\/h3>\t\t\t\t<\/div>\n\t\t\t\t<\/div>\n\t\t\t\t<div class=\"elementor-element elementor-element-38820c7a elementor-widget elementor-widget-text-editor\" data-id=\"38820c7a\" data-element_type=\"widget\" data-e-type=\"widget\" data-widget_type=\"text-editor.default\">\n\t\t\t\t<div class=\"elementor-widget-container\">\n\t\t\t\t\t\t\t\t\t<p><span style=\"font-weight: 400;\">When you arrive in the island&#8217;s capital, you&#8217;ll quickly realize that it&#8217;s a cosmopolitan city with a wide range of cultural<\/span> <span style=\"font-weight: 400;\">that it is a cosmopolitan city with a wide range of cultural and gastronomic <\/span><a href=\"https:\/\/mallorcapremiumtours.com\/en\/blog\/the-best-restaurants-in-palma-de-mallorca\/\"><span style=\"font-weight: 400;\">gastronomic offer<\/span><\/a><span style=\"font-weight: 400;\">  and a well-kept historic center. Founded by Romans, shaped by Muslims and immortalized by Christians who have left a rich royal, religious and civil heritage. If you want to visit a monument, you will have to inform yourself and organize yourself with the schedules.  <\/span><b>The Cathedral <\/b><span style=\"font-weight: 400;\">is a must-see<\/span> <i><span style=\"font-weight: 400;\">From the outside you will see the armor, but enter and you will see the soul! <\/span><\/i><span style=\"font-weight: 400;\">(Santiago Rusi\u00f1ol).<\/span><b> <\/b><\/p>\t\t\t\t\t\t\t\t<\/div>\n\t\t\t\t<\/div>\n\t\t\t\t\t<\/div>\n\t\t<\/div>\n\t\t\t\t\t<\/div>\n\t\t<\/section>\n\t\t\t\t\t<\/div>\n\t\t<\/div>\n\t\t\t\t\t<\/div>\n\t\t<\/section>\n\t\t\t\t<section class=\"elementor-section elementor-top-section elementor-element elementor-element-3692be86 elementor-section-stretched elementor-section-full_width elementor-section-height-default elementor-section-height-default\" data-id=\"3692be86\" data-element_type=\"section\" data-e-type=\"section\" data-settings=\"{&quot;stretch_section&quot;:&quot;section-stretched&quot;,&quot;background_background&quot;:&quot;classic&quot;}\">\n\t\t\t\t\t\t<div class=\"elementor-container elementor-column-gap-default\">\n\t\t\t\t\t<div class=\"elementor-column elementor-col-100 elementor-top-column elementor-element elementor-element-eccc958\" data-id=\"eccc958\" data-element_type=\"column\" data-e-type=\"column\">\n\t\t\t<div class=\"elementor-widget-wrap elementor-element-populated\">\n\t\t\t\t\t\t<section class=\"elementor-section elementor-inner-section elementor-element elementor-element-221a1a56 elementor-section-boxed elementor-section-height-default elementor-section-height-default\" data-id=\"221a1a56\" data-element_type=\"section\" data-e-type=\"section\">\n\t\t\t\t\t\t<div class=\"elementor-container elementor-column-gap-default\">\n\t\t\t\t\t<div class=\"elementor-column elementor-col-100 elementor-inner-column elementor-element elementor-element-44f81ef7\" data-id=\"44f81ef7\" data-element_type=\"column\" data-e-type=\"column\">\n\t\t\t<div class=\"elementor-widget-wrap elementor-element-populated\">\n\t\t\t\t\t\t<div class=\"elementor-element elementor-element-68a804a6 elementor-widget elementor-widget-image\" data-id=\"68a804a6\" data-element_type=\"widget\" data-e-type=\"widget\" data-settings=\"{&quot;_animation&quot;:&quot;none&quot;}\" data-widget_type=\"image.default\">\n\t\t\t\t<div class=\"elementor-widget-container\">\n\t\t\t\t\t\t\t\t\t\t\t\t<figure class=\"wp-caption\">\n\t\t\t\t\t\t\t\t\t\t<img decoding=\"async\" width=\"512\" height=\"315\" data-src=\"https:\/\/mallorcapremiumtours.com\/\/wp-content\/uploads\/2023\/09\/vistas-de-Palma-desde-la-plaza-de-la-reina.png\" class=\"attachment-large size-large wp-image-19213 lazyload\" alt=\"Vistas del casco antiguo de Palma\" data-srcset=\"https:\/\/mallorcapremiumtours.com\/\/wp-content\/uploads\/2023\/09\/vistas-de-Palma-desde-la-plaza-de-la-reina.png 512w, https:\/\/mallorcapremiumtours.com\/\/wp-content\/uploads\/2023\/09\/vistas-de-Palma-desde-la-plaza-de-la-reina-300x185.png 300w\" data-sizes=\"(max-width: 512px) 100vw, 512px\" src=\"data:image\/svg+xml;base64,PHN2ZyB3aWR0aD0iMSIgaGVpZ2h0PSIxIiB4bWxucz0iaHR0cDovL3d3dy53My5vcmcvMjAwMC9zdmciPjwvc3ZnPg==\" style=\"--smush-placeholder-width: 512px; --smush-placeholder-aspect-ratio: 512\/315;\" \/>\t\t\t\t\t\t\t\t\t\t\t<figcaption class=\"widget-image-caption wp-caption-text\">Fuente: Mallorca Premium Tours<\/figcaption>\n\t\t\t\t\t\t\t\t\t\t<\/figure>\n\t\t\t\t\t\t\t\t\t<\/div>\n\t\t\t\t<\/div>\n\t\t\t\t\t<\/div>\n\t\t<\/div>\n\t\t\t\t\t<\/div>\n\t\t<\/section>\n\t\t\t\t\t<\/div>\n\t\t<\/div>\n\t\t\t\t\t<\/div>\n\t\t<\/section>\n\t\t\t\t<section class=\"elementor-section elementor-top-section elementor-element elementor-element-3d083a18 elementor-section-stretched elementor-section-full_width elementor-section-height-default elementor-section-height-default\" data-id=\"3d083a18\" data-element_type=\"section\" data-e-type=\"section\" data-settings=\"{&quot;stretch_section&quot;:&quot;section-stretched&quot;,&quot;background_background&quot;:&quot;classic&quot;}\">\n\t\t\t\t\t\t<div class=\"elementor-container elementor-column-gap-default\">\n\t\t\t\t\t<div class=\"elementor-column elementor-col-100 elementor-top-column elementor-element elementor-element-6c7f893e\" data-id=\"6c7f893e\" data-element_type=\"column\" data-e-type=\"column\">\n\t\t\t<div class=\"elementor-widget-wrap elementor-element-populated\">\n\t\t\t\t\t\t<section class=\"elementor-section elementor-inner-section elementor-element elementor-element-15ab4199 elementor-section-boxed elementor-section-height-default elementor-section-height-default\" data-id=\"15ab4199\" data-element_type=\"section\" data-e-type=\"section\">\n\t\t\t\t\t\t<div class=\"elementor-container elementor-column-gap-default\">\n\t\t\t\t\t<div class=\"elementor-column elementor-col-100 elementor-inner-column elementor-element elementor-element-1de8bc34\" data-id=\"1de8bc34\" data-element_type=\"column\" data-e-type=\"column\">\n\t\t\t<div class=\"elementor-widget-wrap elementor-element-populated\">\n\t\t\t\t\t\t<div class=\"elementor-element elementor-element-6cfc337e elementor-widget elementor-widget-text-editor\" data-id=\"6cfc337e\" data-element_type=\"widget\" data-e-type=\"widget\" data-widget_type=\"text-editor.default\">\n\t\t\t\t<div class=\"elementor-widget-container\">\n\t\t\t\t\t\t\t\t\t<p><span style=\"font-weight: 400;\">The city is divided into two parts, the Villa Alta and the Villa Baja, popularly known as Canamunt and Canavall, separated until the 17th century by a Torrent (today diverted to the <\/span><b>Paseo Mallorca<\/b><span style=\"font-weight: 400;\">) Along the old route of the torrent today we have the emblematic Paseo de Borne, Plaza del Merc\u00e8, Plaza del Merc\u00e8 and Plaza del Merc\u00e8. <\/span><b>Paseo de Borne, Plaza del Mercat and Ramblas.<\/b><span style=\"font-weight: 400;\">. Lose yourself in its streets: Palma is full of history and heritage&#8230; <\/span> <\/p><p><span style=\"font-weight: 400;\">When you are in <\/span><b>Canamunt<\/b><span style=\"font-weight: 400;\">it is essential to visit the <\/span><b>Cort Square<\/b><span style=\"font-weight: 400;\"> with the impressive <\/span><b>Town Hall<\/b><span style=\"font-weight: 400;\">Town Hall, the churches of <\/span><b>Santa Eulalia, San Francisco and Montesi\u00f3n<\/b><span style=\"font-weight: 400;\"> which is located in the old <\/span><b>Jewish Quarter<\/b><span style=\"font-weight: 400;\"> or stroll through the old Renaissance <\/span><b>Renaissance Walls, next to the<\/b><span style=\"font-weight: 400;\">next to the <\/span><b>Park of the Sea<\/b><span style=\"font-weight: 400;\">. When you are in  <\/span><b>Canavall<\/b><span style=\"font-weight: 400;\">get lost in the narrow streets of the parish church of San Jaime <\/span><b>St. James<\/b><span style=\"font-weight: 400;\">visit the Barrio de la Lonja <\/span><b>Lonja<\/b><span style=\"font-weight: 400;\">with a spectacular civil Gothic building of the 15th century, one of the most popular neighborhoods, full of art galleries or the area of <\/span><b>San Nicol\u00e1s<\/b><span style=\"font-weight: 400;\">next to the Plaza del Mercat where you will also find vermuterias, breweries and a lot of art. <\/span> <\/p>\t\t\t\t\t\t\t\t<\/div>\n\t\t\t\t<\/div>\n\t\t\t\t\t<\/div>\n\t\t<\/div>\n\t\t\t\t\t<\/div>\n\t\t<\/section>\n\t\t\t\t\t<\/div>\n\t\t<\/div>\n\t\t\t\t\t<\/div>\n\t\t<\/section>\n\t\t\t\t<section class=\"elementor-section elementor-top-section elementor-element elementor-element-2f2fd66a elementor-section-stretched elementor-section-full_width elementor-section-height-default elementor-section-height-default\" data-id=\"2f2fd66a\" data-element_type=\"section\" data-e-type=\"section\" data-settings=\"{&quot;stretch_section&quot;:&quot;section-stretched&quot;,&quot;background_background&quot;:&quot;classic&quot;}\">\n\t\t\t\t\t\t<div class=\"elementor-container elementor-column-gap-default\">\n\t\t\t\t\t<div class=\"elementor-column elementor-col-100 elementor-top-column elementor-element elementor-element-5a1ed8c7\" data-id=\"5a1ed8c7\" data-element_type=\"column\" data-e-type=\"column\">\n\t\t\t<div class=\"elementor-widget-wrap elementor-element-populated\">\n\t\t\t\t\t\t<section class=\"elementor-section elementor-inner-section elementor-element elementor-element-1d8d08d4 elementor-section-boxed elementor-section-height-default elementor-section-height-default\" data-id=\"1d8d08d4\" data-element_type=\"section\" data-e-type=\"section\">\n\t\t\t\t\t\t<div class=\"elementor-container elementor-column-gap-default\">\n\t\t\t\t\t<div class=\"elementor-column elementor-col-100 elementor-inner-column elementor-element elementor-element-77e3f138\" data-id=\"77e3f138\" data-element_type=\"column\" data-e-type=\"column\">\n\t\t\t<div class=\"elementor-widget-wrap elementor-element-populated\">\n\t\t\t\t\t\t<div class=\"elementor-element elementor-element-56da9948 elementor-widget elementor-widget-heading\" data-id=\"56da9948\" data-element_type=\"widget\" data-e-type=\"widget\" data-widget_type=\"heading.default\">\n\t\t\t\t<div class=\"elementor-widget-container\">\n\t\t\t\t\t<h3 class=\"elementor-heading-title elementor-size-default\">VALLDEMOSA<\/h3>\t\t\t\t<\/div>\n\t\t\t\t<\/div>\n\t\t\t\t<div class=\"elementor-element elementor-element-70ccb64 elementor-widget elementor-widget-text-editor\" data-id=\"70ccb64\" data-element_type=\"widget\" data-e-type=\"widget\" data-widget_type=\"text-editor.default\">\n\t\t\t\t<div class=\"elementor-widget-container\">\n\t\t\t\t\t\t\t\t\t<p><span style=\"font-weight: 400;\">When you are in <\/span><b>Valldemossa,<\/b><span style=\"font-weight: 400;\"> walk through its picturesque heritage streets enveloped by the unique and magnificent landscape of the <\/span><a href=\"https:\/\/mallorcapremiumtours.com\/en\/blog\/agrotourism-in-the-serra-de-tramuntana\/\"><b>Serra de Tramuntana<\/b><\/a><span style=\"font-weight: 400;\">. Discover the monumental complex of the  <\/span><b>Cartuja<\/b><span style=\"font-weight: 400;\">, and the relationship of this town with illustrious personalities and intellectuals, writers and artists such as <\/span><b>Federico Chopin, George Sand, Rub\u00e9n Dar\u00edo, Santiago Rusi\u00f1ol, Archduke Ludwig Salvator <\/b>or<b> Michael Douglas.<\/b><span style=\"font-weight: 400;\">  among others. You will also discover such fundamental characters of the history of Mallorca as the  <\/span><b>Blessed Ramon Llull<\/b><span style=\"font-weight: 400;\"> o<\/span><b> Saint Catherine Thomas<\/b><span style=\"font-weight: 400;\">. Don&#8217;t leave without first tasting the delicious  <\/span><b>potato cake<\/b><span style=\"font-weight: 400;\">! At sunset you can go to the finca <\/span><b>Son Marroig<\/b><span style=\"font-weight: 400;\"> and enjoy the views of <\/span><b>Sa Forada<\/b><span style=\"font-weight: 400;\">one of the most photographed sunsets in Mallorca.<\/span><\/p>\t\t\t\t\t\t\t\t<\/div>\n\t\t\t\t<\/div>\n\t\t\t\t\t<\/div>\n\t\t<\/div>\n\t\t\t\t\t<\/div>\n\t\t<\/section>\n\t\t\t\t\t<\/div>\n\t\t<\/div>\n\t\t\t\t\t<\/div>\n\t\t<\/section>\n\t\t\t\t<section class=\"elementor-section elementor-top-section elementor-element elementor-element-4020b3fe elementor-section-stretched elementor-section-full_width elementor-section-height-default elementor-section-height-default\" data-id=\"4020b3fe\" data-element_type=\"section\" data-e-type=\"section\" data-settings=\"{&quot;stretch_section&quot;:&quot;section-stretched&quot;,&quot;background_background&quot;:&quot;classic&quot;}\">\n\t\t\t\t\t\t<div class=\"elementor-container elementor-column-gap-default\">\n\t\t\t\t\t<div class=\"elementor-column elementor-col-100 elementor-top-column elementor-element elementor-element-595cdfe8\" data-id=\"595cdfe8\" data-element_type=\"column\" data-e-type=\"column\">\n\t\t\t<div class=\"elementor-widget-wrap elementor-element-populated\">\n\t\t\t\t\t\t<section class=\"elementor-section elementor-inner-section elementor-element elementor-element-ee254c8 elementor-section-boxed elementor-section-height-default elementor-section-height-default\" data-id=\"ee254c8\" data-element_type=\"section\" data-e-type=\"section\">\n\t\t\t\t\t\t<div class=\"elementor-container elementor-column-gap-default\">\n\t\t\t\t\t<div class=\"elementor-column elementor-col-100 elementor-inner-column elementor-element elementor-element-6904a80e\" data-id=\"6904a80e\" data-element_type=\"column\" data-e-type=\"column\">\n\t\t\t<div class=\"elementor-widget-wrap elementor-element-populated\">\n\t\t\t\t\t\t<div class=\"elementor-element elementor-element-696d7df8 elementor-widget elementor-widget-image\" data-id=\"696d7df8\" data-element_type=\"widget\" data-e-type=\"widget\" data-settings=\"{&quot;_animation&quot;:&quot;none&quot;}\" data-widget_type=\"image.default\">\n\t\t\t\t<div class=\"elementor-widget-container\">\n\t\t\t\t\t\t\t\t\t\t\t\t<figure class=\"wp-caption\">\n\t\t\t\t\t\t\t\t\t\t<img decoding=\"async\" width=\"512\" height=\"269\" data-src=\"https:\/\/mallorcapremiumtours.com\/\/wp-content\/uploads\/2023\/09\/Calle-de-Valldemossa.png\" class=\"attachment-medium_large size-medium_large wp-image-19229 lazyload\" alt=\"Vistas de una calle del pueblo de Valldemossa en Mallorca\" data-srcset=\"https:\/\/mallorcapremiumtours.com\/\/wp-content\/uploads\/2023\/09\/Calle-de-Valldemossa.png 512w, https:\/\/mallorcapremiumtours.com\/\/wp-content\/uploads\/2023\/09\/Calle-de-Valldemossa-300x158.png 300w\" data-sizes=\"(max-width: 512px) 100vw, 512px\" src=\"data:image\/svg+xml;base64,PHN2ZyB3aWR0aD0iMSIgaGVpZ2h0PSIxIiB4bWxucz0iaHR0cDovL3d3dy53My5vcmcvMjAwMC9zdmciPjwvc3ZnPg==\" style=\"--smush-placeholder-width: 512px; --smush-placeholder-aspect-ratio: 512\/269;\" \/>\t\t\t\t\t\t\t\t\t\t\t<figcaption class=\"widget-image-caption wp-caption-text\">Fuente: mallorca.com\n<\/figcaption>\n\t\t\t\t\t\t\t\t\t\t<\/figure>\n\t\t\t\t\t\t\t\t\t<\/div>\n\t\t\t\t<\/div>\n\t\t\t\t\t<\/div>\n\t\t<\/div>\n\t\t\t\t\t<\/div>\n\t\t<\/section>\n\t\t\t\t<div class=\"elementor-element elementor-element-5986a422 elementor-widget elementor-widget-heading\" data-id=\"5986a422\" data-element_type=\"widget\" data-e-type=\"widget\" data-widget_type=\"heading.default\">\n\t\t\t\t<div class=\"elementor-widget-container\">\n\t\t\t\t\t<h2 class=\"elementor-heading-title elementor-size-default\">DAY 2- Essence of the Tramuntana Mountains\n<\/h2>\t\t\t\t<\/div>\n\t\t\t\t<\/div>\n\t\t\t\t\t<\/div>\n\t\t<\/div>\n\t\t\t\t\t<\/div>\n\t\t<\/section>\n\t\t\t\t<section class=\"elementor-section elementor-top-section elementor-element elementor-element-5a186eac elementor-section-stretched elementor-section-full_width elementor-section-height-default elementor-section-height-default\" data-id=\"5a186eac\" data-element_type=\"section\" data-e-type=\"section\" data-settings=\"{&quot;stretch_section&quot;:&quot;section-stretched&quot;,&quot;background_background&quot;:&quot;classic&quot;}\">\n\t\t\t\t\t\t<div class=\"elementor-container elementor-column-gap-default\">\n\t\t\t\t\t<div class=\"elementor-column elementor-col-100 elementor-top-column elementor-element elementor-element-49047a85\" data-id=\"49047a85\" data-element_type=\"column\" data-e-type=\"column\">\n\t\t\t<div class=\"elementor-widget-wrap elementor-element-populated\">\n\t\t\t\t\t\t<section class=\"elementor-section elementor-inner-section elementor-element elementor-element-1909bd7 elementor-section-boxed elementor-section-height-default elementor-section-height-default\" data-id=\"1909bd7\" data-element_type=\"section\" data-e-type=\"section\">\n\t\t\t\t\t\t<div class=\"elementor-container elementor-column-gap-default\">\n\t\t\t\t\t<div class=\"elementor-column elementor-col-100 elementor-inner-column elementor-element elementor-element-16d9c90d\" data-id=\"16d9c90d\" data-element_type=\"column\" data-e-type=\"column\">\n\t\t\t<div class=\"elementor-widget-wrap elementor-element-populated\">\n\t\t\t\t\t\t<div class=\"elementor-element elementor-element-37d4d4f2 elementor-widget elementor-widget-text-editor\" data-id=\"37d4d4f2\" data-element_type=\"widget\" data-e-type=\"widget\" data-widget_type=\"text-editor.default\">\n\t\t\t\t<div class=\"elementor-widget-container\">\n\t\t\t\t\t\t\t\t\t<p><span style=\"font-weight: 400;\">On the second day, we invite you to explore and discover in depth the <\/span><b>Serra de Tramuntana<\/b><span style=\"font-weight: 400;\">declared <\/span><b>World Heritage Site by UNESCO<\/b><span style=\"font-weight: 400;\">  in 2011 in the Cultural Landscape category for the almost perfect symbiosis between human action and nature over the centuries. A mixture of culture, tradition, aesthetics, spirituality and identity of Mallorca.  <\/span><\/p><p><br><span style=\"font-weight: 400;\">We propose you a route by car from the <\/span><b>S\u00f3ller Valley to Pollen\u00e7a<\/b><span style=\"font-weight: 400;\"> and end up spending the night in <\/span><b>Alcudia<\/b><span style=\"font-weight: 400;\">. If you prefer to walk directly through the mountains and breathe the fresh air of nature, you can choose some of the stages of the  <\/span><a href=\"https:\/\/caminsdepedra.conselldemallorca.cat\/es\/ruta-piedra-seca-gr-221\"><span style=\"font-weight: 400;\">GR 221 (Route of<\/span><i><span style=\"font-weight: 400;\"> Pedra en Sec<\/span><\/i><span style=\"font-weight: 400;\">)<\/span><\/a><span style=\"font-weight: 400;\"> enabled by the <\/span><b>Consell de Mallorca <\/b><span style=\"font-weight: 400;\">to cross the Serra de Tramuntana. An adventure to disconnect from the routine!<\/span><\/p>\t\t\t\t\t\t\t\t<\/div>\n\t\t\t\t<\/div>\n\t\t\t\t<div class=\"elementor-element elementor-element-7307f65a elementor-widget elementor-widget-heading\" data-id=\"7307f65a\" data-element_type=\"widget\" data-e-type=\"widget\" data-widget_type=\"heading.default\">\n\t\t\t\t<div class=\"elementor-widget-container\">\n\t\t\t\t\t<h3 class=\"elementor-heading-title elementor-size-default\">SOLLER<\/h3>\t\t\t\t<\/div>\n\t\t\t\t<\/div>\n\t\t\t\t<div class=\"elementor-element elementor-element-61ef07c9 elementor-widget elementor-widget-text-editor\" data-id=\"61ef07c9\" data-element_type=\"widget\" data-e-type=\"widget\" data-widget_type=\"text-editor.default\">\n\t\t\t\t<div class=\"elementor-widget-container\">\n\t\t\t\t\t\t\t\t\t<p><span style=\"font-weight: 400;\">We started the day spending the morning in <\/span><b>S\u00f3ller<\/b><span style=\"font-weight: 400;\">a valley between the highest mountains of the island, <\/span> <b> <\/b><span style=\"font-weight: 400;\">drinking a <\/span><b> natural orange juice<\/b><span style=\"font-weight: 400;\"> orange juice from the orange trees of the valley that will provide us with vitamins for the whole day and contemplating the spectacular <\/span><b>Church of Sant Bartomeu<\/b><span style=\"font-weight: 400;\">considered the cathedral of the Serra de la Tramuntana. Stroll through its streets and you will discover that S\u00f3ller is synonymous with beauty and tradition, it also offers a rich and unique architectural heritage.  <\/span><i><span style=\"font-weight: 400;\">art neuve<\/span><\/i><span style=\"font-weight: 400;\"> favored in contemporary times (XX century), thanks to the maritime commercial relations established from the <\/span><b>Port of S\u00f3ller<\/b><span style=\"font-weight: 400;\">although this town also suffered the attacks of pirates and corsairs. <\/span><a href=\"https:\/\/mallorcapremiumtours.com\/en\/blog\/es-firo-of-soller\/\"><span style=\"font-weight: 400;\">pirates and corsairs<\/span><\/a><span style=\"font-weight: 400;\">This fact was engraved and is part of the identity of the locals. <\/span> <\/p><p><span style=\"font-weight: 400;\"> <\/span><\/p>\t\t\t\t\t\t\t\t<\/div>\n\t\t\t\t<\/div>\n\t\t\t\t\t<\/div>\n\t\t<\/div>\n\t\t\t\t\t<\/div>\n\t\t<\/section>\n\t\t\t\t<div class=\"elementor-element elementor-element-1955c3f9 elementor-widget elementor-widget-image\" data-id=\"1955c3f9\" data-element_type=\"widget\" data-e-type=\"widget\" data-settings=\"{&quot;_animation&quot;:&quot;none&quot;}\" data-widget_type=\"image.default\">\n\t\t\t\t<div class=\"elementor-widget-container\">\n\t\t\t\t\t\t\t\t\t\t\t\t<figure class=\"wp-caption\">\n\t\t\t\t\t\t\t\t\t\t<img decoding=\"async\" width=\"512\" height=\"287\" data-src=\"https:\/\/mallorcapremiumtours.com\/\/wp-content\/uploads\/2023\/09\/Vistas-de-la-iglesia-de-Sant-Bartomeu.png\" class=\"attachment-medium_large size-medium_large wp-image-19241 lazyload\" alt=\"Iglesia de Sant Bartomeu o la catedral de la monta\u00f1a en S\u00f3ller\" data-srcset=\"https:\/\/mallorcapremiumtours.com\/\/wp-content\/uploads\/2023\/09\/Vistas-de-la-iglesia-de-Sant-Bartomeu.png 512w, https:\/\/mallorcapremiumtours.com\/\/wp-content\/uploads\/2023\/09\/Vistas-de-la-iglesia-de-Sant-Bartomeu-300x168.png 300w\" data-sizes=\"(max-width: 512px) 100vw, 512px\" src=\"data:image\/svg+xml;base64,PHN2ZyB3aWR0aD0iMSIgaGVpZ2h0PSIxIiB4bWxucz0iaHR0cDovL3d3dy53My5vcmcvMjAwMC9zdmciPjwvc3ZnPg==\" style=\"--smush-placeholder-width: 512px; --smush-placeholder-aspect-ratio: 512\/287;\" \/>\t\t\t\t\t\t\t\t\t\t\t<figcaption class=\"widget-image-caption wp-caption-text\">Fuente: seemallorca.com\n<\/figcaption>\n\t\t\t\t\t\t\t\t\t\t<\/figure>\n\t\t\t\t\t\t\t\t\t<\/div>\n\t\t\t\t<\/div>\n\t\t\t\t<div class=\"elementor-element elementor-element-73df3e4e elementor-widget elementor-widget-text-editor\" data-id=\"73df3e4e\" data-element_type=\"widget\" data-e-type=\"widget\" data-widget_type=\"text-editor.default\">\n\t\t\t\t<div class=\"elementor-widget-container\">\n\t\t\t\t\t\t\t\t\t<p><span style=\"font-weight: 400;\">You can spend the morning in S\u00f3ller and discover other surrounding villages: you can use the centenary streetcar to reach the Port of S\u00f3ller. <\/span><b>Port of S\u00f3ller,<\/b><span style=\"font-weight: 400;\"> with a wide offer of paella and seafood restaurants in the area and take a <\/span><i><span style=\"font-weight: 400;\">capfico<\/span><\/i><span style=\"font-weight: 400;\"> (dip)&#8230; Another option is to go to <\/span><b>Fornalutx<\/b><span style=\"font-weight: 400;\">recognized as one of the <\/span><i><span style=\"font-weight: 400;\">most beautiful villages in Spain<\/span><\/i><span style=\"font-weight: 400;\"> and enjoy a delicious <\/span><b><i>Arr\u00f2s brut<\/i><\/b><span style=\"font-weight: 400;\">a delicacy of Mallorcan gastronomy. Although in winter, when the days are shorter, our recommendation is to continue the tour up to  <\/span><b>Lluc<\/b><span style=\"font-weight: 400;\">where you eat the best <\/span><b>Cabrito<\/b><span style=\"font-weight: 400;\"> and drink the purest water of the Serra. <\/span> <\/p>\t\t\t\t\t\t\t\t<\/div>\n\t\t\t\t<\/div>\n\t\t\t\t<div class=\"elementor-element elementor-element-f8cb995 elementor-widget elementor-widget-heading\" data-id=\"f8cb995\" data-element_type=\"widget\" data-e-type=\"widget\" data-widget_type=\"heading.default\">\n\t\t\t\t<div class=\"elementor-widget-container\">\n\t\t\t\t\t<h3 class=\"elementor-heading-title elementor-size-default\">SANCTUARY OF LLUC\n<\/h3>\t\t\t\t<\/div>\n\t\t\t\t<\/div>\n\t\t\t\t<div class=\"elementor-element elementor-element-658f012 elementor-widget elementor-widget-text-editor\" data-id=\"658f012\" data-element_type=\"widget\" data-e-type=\"widget\" data-widget_type=\"text-editor.default\">\n\t\t\t\t<div class=\"elementor-widget-container\">\n\t\t\t\t\t\t\t\t\t<p><span style=\"font-weight: 400;\">The way to the <\/span><b>Sanctuary of Lluc<\/b><span style=\"font-weight: 400;\"> in the municipality of <\/span><b>Escorca <\/b><span style=\"font-weight: 400;\">lasts about an hour, although some stops are worthwhile: At the <\/span><b>Viewpoint of Ses Barques<\/b><span style=\"font-weight: 400;\">  you will be able to contemplate a beautiful view of the Port of S\u00f3ller. You will pass by the reservoirs of  <\/span><b>Gorg Blau and C\u00faber<\/b><span style=\"font-weight: 400;\"> you won&#8217;t be able to resist stopping to take a picture! or the <\/span><b>Nus de sa Corbata Viewpoint<\/b><span style=\"font-weight: 400;\"> (Tie knot) with views of the vertiginous and winding road that descends a 900-meter drop to <\/span><b>Sa Calobra<\/b><span style=\"font-weight: 400;\">.<\/span><\/p>\t\t\t\t\t\t\t\t<\/div>\n\t\t\t\t<\/div>\n\t\t\t\t<div class=\"elementor-element elementor-element-7e901144 elementor-widget elementor-widget-image\" data-id=\"7e901144\" data-element_type=\"widget\" data-e-type=\"widget\" data-settings=\"{&quot;_animation&quot;:&quot;none&quot;}\" data-widget_type=\"image.default\">\n\t\t\t\t<div class=\"elementor-widget-container\">\n\t\t\t\t\t\t\t\t\t\t\t\t<figure class=\"wp-caption\">\n\t\t\t\t\t\t\t\t\t\t<img decoding=\"async\" width=\"512\" height=\"329\" data-src=\"https:\/\/mallorcapremiumtours.com\/\/wp-content\/uploads\/2023\/09\/Embalse-del-cuber-en-mallorca.png\" class=\"attachment-medium_large size-medium_large wp-image-19254 lazyload\" alt=\"Vistas del embalse del cuber en Mallorca\" data-srcset=\"https:\/\/mallorcapremiumtours.com\/\/wp-content\/uploads\/2023\/09\/Embalse-del-cuber-en-mallorca.png 512w, https:\/\/mallorcapremiumtours.com\/\/wp-content\/uploads\/2023\/09\/Embalse-del-cuber-en-mallorca-300x193.png 300w\" data-sizes=\"(max-width: 512px) 100vw, 512px\" src=\"data:image\/svg+xml;base64,PHN2ZyB3aWR0aD0iMSIgaGVpZ2h0PSIxIiB4bWxucz0iaHR0cDovL3d3dy53My5vcmcvMjAwMC9zdmciPjwvc3ZnPg==\" style=\"--smush-placeholder-width: 512px; --smush-placeholder-aspect-ratio: 512\/329;\" \/>\t\t\t\t\t\t\t\t\t\t\t<figcaption class=\"widget-image-caption wp-caption-text\">Imagen: Embalse de Cuber. Fuente: Saposyprincesas.com\n<\/figcaption>\n\t\t\t\t\t\t\t\t\t\t<\/figure>\n\t\t\t\t\t\t\t\t\t<\/div>\n\t\t\t\t<\/div>\n\t\t\t\t<div class=\"elementor-element elementor-element-b47b00a elementor-widget elementor-widget-html\" data-id=\"b47b00a\" data-element_type=\"widget\" data-e-type=\"widget\" data-widget_type=\"html.default\">\n\t\t\t\t<div class=\"elementor-widget-container\">\n\t\t\t\t\t<div style=\"margin:30px 0; padding:25px; border-radius:10px; background:#eef6ff; border:1px solid #cddff8; box-shadow:0 2px 5px rgba(0,0,0,0.05);\">\r\n  <h2 style=\"margin-top:0; color:#1e4b7a; font-size:24px;\">\ud83c\udf1f Private Walking Tour of Palma de Mallorca<\/h2>\r\n  <p style=\"font-size:17px; line-height:1.6; margin-bottom:20px;\">\r\n    Discover Palma\u2019s stunning old town, hidden courtyards and iconic cathedral with an <strong>official licensed guide<\/strong>.\r\n    A tailored experience perfect for couples, families and culture lovers.\r\n  <\/p>\r\n  <a href=\"https:\/\/mallorcapremiumtours.com\/en\" \r\n     target=\"_blank\" \r\n     style=\"padding:12px 20px; background:#1e73be; color:white; text-decoration:none; border-radius:6px; font-size:16px;\">\r\n      See details & book your tour\r\n  <\/a>\r\n<\/div>\r\n\t\t\t\t<\/div>\n\t\t\t\t<\/div>\n\t\t\t\t<div class=\"elementor-element elementor-element-369f0142 elementor-widget elementor-widget-text-editor\" data-id=\"369f0142\" data-element_type=\"widget\" data-e-type=\"widget\" data-widget_type=\"text-editor.default\">\n\t\t\t\t<div class=\"elementor-widget-container\">\n\t\t\t\t\t\t\t\t\t<p><span style=\"font-weight: 400;\">The current <\/span><b>Basilica of the Sanctuary of LLuc, <\/b> <span style=\"font-weight: 400;\">spiritual center of the island, is of Renaissance style built in the seventeenth and seventeenth centuries in a space dedicated to religious worship since ancient times. Save the image of the  <\/span><b>Mare de D\u00e9u de Lluc<\/b><span style=\"font-weight: 400;\">The legend says that the patron saint of Mallorca was found by a shepherd boy in the 14th century. You can tour the  <\/span><b>Monumental Way of the Mysteries<\/b><span style=\"font-weight: 400;\"> modernist style to the <\/span><b>Cima de la Trobada <\/b><span style=\"font-weight: 400;\">where, according to tradition, the virgin was found. <\/span> <\/p>\t\t\t\t\t\t\t\t<\/div>\n\t\t\t\t<\/div>\n\t\t\t\t<div class=\"elementor-element elementor-element-cf4f459 elementor-widget elementor-widget-heading\" data-id=\"cf4f459\" data-element_type=\"widget\" data-e-type=\"widget\" data-widget_type=\"heading.default\">\n\t\t\t\t<div class=\"elementor-widget-container\">\n\t\t\t\t\t<h3 class=\"elementor-heading-title elementor-size-default\">POLLEN\u00c7A<\/h3>\t\t\t\t<\/div>\n\t\t\t\t<\/div>\n\t\t\t\t<div class=\"elementor-element elementor-element-d841c64 elementor-widget elementor-widget-text-editor\" data-id=\"d841c64\" data-element_type=\"widget\" data-e-type=\"widget\" data-widget_type=\"text-editor.default\">\n\t\t\t\t<div class=\"elementor-widget-container\">\n\t\t\t\t\t\t\t\t\t<p><span style=\"font-weight: 400;\">At sunset, you can continue along the Serra road, discovering its landscapes and forests until you reach the <\/span><b>Viewpoint des Colomer<\/b><span style=\"font-weight: 400;\"> in the municipality of <\/span><b>Pollen\u00e7a <\/b> <span style=\"font-weight: 400;\">and enjoy the magic of the colors of the sunset on the sea from the cliffs. This tour will take about 40 minutes.  <\/span><\/p>\t\t\t\t\t\t\t\t<\/div>\n\t\t\t\t<\/div>\n\t\t\t\t<div class=\"elementor-element elementor-element-c998d08 elementor-widget elementor-widget-image\" data-id=\"c998d08\" data-element_type=\"widget\" data-e-type=\"widget\" data-settings=\"{&quot;_animation&quot;:&quot;none&quot;}\" data-widget_type=\"image.default\">\n\t\t\t\t<div class=\"elementor-widget-container\">\n\t\t\t\t\t\t\t\t\t\t\t\t<figure class=\"wp-caption\">\n\t\t\t\t\t\t\t\t\t\t<img decoding=\"async\" width=\"512\" height=\"262\" data-src=\"https:\/\/mallorcapremiumtours.com\/\/wp-content\/uploads\/2023\/09\/mirador-des-colomer-en-pollenca.png\" class=\"attachment-medium_large size-medium_large wp-image-19270 lazyload\" alt=\"Mirador des Colomer in Pollen\u00e7a on the island of Majorca\" data-srcset=\"https:\/\/mallorcapremiumtours.com\/\/wp-content\/uploads\/2023\/09\/mirador-des-colomer-en-pollenca.png 512w, https:\/\/mallorcapremiumtours.com\/\/wp-content\/uploads\/2023\/09\/mirador-des-colomer-en-pollenca-300x154.png 300w\" data-sizes=\"(max-width: 512px) 100vw, 512px\" src=\"data:image\/svg+xml;base64,PHN2ZyB3aWR0aD0iMSIgaGVpZ2h0PSIxIiB4bWxucz0iaHR0cDovL3d3dy53My5vcmcvMjAwMC9zdmciPjwvc3ZnPg==\" style=\"--smush-placeholder-width: 512px; --smush-placeholder-aspect-ratio: 512\/262;\" \/>\t\t\t\t\t\t\t\t\t\t\t<figcaption class=\"widget-image-caption wp-caption-text\">Image: Viewpoint des Colomer. Source: flickr.com \n<\/figcaption>\n\t\t\t\t\t\t\t\t\t\t<\/figure>\n\t\t\t\t\t\t\t\t\t<\/div>\n\t\t\t\t<\/div>\n\t\t\t\t<div class=\"elementor-element elementor-element-a6f1326 elementor-widget elementor-widget-heading\" data-id=\"a6f1326\" data-element_type=\"widget\" data-e-type=\"widget\" data-widget_type=\"heading.default\">\n\t\t\t\t<div class=\"elementor-widget-container\">\n\t\t\t\t\t<h3 class=\"elementor-heading-title elementor-size-default\">ALCUDIA<\/h3>\t\t\t\t<\/div>\n\t\t\t\t<\/div>\n\t\t\t\t<div class=\"elementor-element elementor-element-74af92c elementor-widget elementor-widget-text-editor\" data-id=\"74af92c\" data-element_type=\"widget\" data-e-type=\"widget\" data-widget_type=\"text-editor.default\">\n\t\t\t\t<div class=\"elementor-widget-container\">\n\t\t\t\t\t\t\t\t\t<p><span style=\"font-weight: 400;\">Our recommendation is to spend the night in <\/span><b>Alcudia<\/b><span style=\"font-weight: 400;\">from where we will continue our tour the following day. Alcudia is a jewel of the island full of history that offers a wide range of culture, restaurants and accommodation all year round. Lose yourself in the traditional streets or stroll through the fascinating  <\/span><b>medieval wall <\/b><span style=\"font-weight: 400;\">the ruins of the ancient Roman city of Pollentia <\/span><b>ancient Roman city of Pollentia<\/b><span style=\"font-weight: 400;\">. <\/span> <\/p>\t\t\t\t\t\t\t\t<\/div>\n\t\t\t\t<\/div>\n\t\t\t\t<div class=\"elementor-element elementor-element-bdb56c7 elementor-widget elementor-widget-heading\" data-id=\"bdb56c7\" data-element_type=\"widget\" data-e-type=\"widget\" data-widget_type=\"heading.default\">\n\t\t\t\t<div class=\"elementor-widget-container\">\n\t\t\t\t\t<h2 class=\"elementor-heading-title elementor-size-default\">Day 3- Mediterranean essence<\/h2>\t\t\t\t<\/div>\n\t\t\t\t<\/div>\n\t\t\t\t\t<\/div>\n\t\t<\/div>\n\t\t\t\t\t<\/div>\n\t\t<\/section>\n\t\t\t\t<section class=\"elementor-section elementor-top-section elementor-element elementor-element-3e4f0eec elementor-section-stretched elementor-section-boxed elementor-section-height-default elementor-section-height-default\" data-id=\"3e4f0eec\" data-element_type=\"section\" data-e-type=\"section\" data-settings=\"{&quot;stretch_section&quot;:&quot;section-stretched&quot;,&quot;background_background&quot;:&quot;classic&quot;}\">\n\t\t\t\t\t\t<div class=\"elementor-container elementor-column-gap-default\">\n\t\t\t\t\t<div class=\"elementor-column elementor-col-100 elementor-top-column elementor-element elementor-element-17ba3bf\" data-id=\"17ba3bf\" data-element_type=\"column\" data-e-type=\"column\">\n\t\t\t<div class=\"elementor-widget-wrap elementor-element-populated\">\n\t\t\t\t\t\t<div class=\"elementor-element elementor-element-76432b2 elementor-widget elementor-widget-text-editor\" data-id=\"76432b2\" data-element_type=\"widget\" data-e-type=\"widget\" data-widget_type=\"text-editor.default\">\n\t\t\t\t<div class=\"elementor-widget-container\">\n\t\t\t\t\t\t\t\t\t<p><span style=\"font-weight: 400;\">The last day we will walk along the coast, discover monumental caves, enjoy a swim in paradisiacal beaches and hidden coves, or if you come in winter you can walk along the coast with some of the hiking trails, and continue discovering the gastronomy of the island. This route is to enjoy and feel the breeze and the  <\/span><a href=\"https:\/\/mallorcapremiumtours.com\/en\/tours-mallorca\/boat-trip-in-mallorca\/\"><span style=\"font-weight: 400;\">Mediterranean identity<\/span><\/a><span style=\"font-weight: 400;\">.<\/span><\/p>\t\t\t\t\t\t\t\t<\/div>\n\t\t\t\t<\/div>\n\t\t\t\t<div class=\"elementor-element elementor-element-7a49db3 elementor-widget elementor-widget-heading\" data-id=\"7a49db3\" data-element_type=\"widget\" data-e-type=\"widget\" data-widget_type=\"heading.default\">\n\t\t\t\t<div class=\"elementor-widget-container\">\n\t\t\t\t\t<h3 class=\"elementor-heading-title elementor-size-default\">BAY OF ALCUDIA  \n<\/h3>\t\t\t\t<\/div>\n\t\t\t\t<\/div>\n\t\t\t\t<div class=\"elementor-element elementor-element-107be44 elementor-widget elementor-widget-text-editor\" data-id=\"107be44\" data-element_type=\"widget\" data-e-type=\"widget\" data-widget_type=\"text-editor.default\">\n\t\t\t\t<div class=\"elementor-widget-container\">\n\t\t\t\t\t\t\t\t\t<p><span style=\"font-weight: 400;\">You can have breakfast in Alcudia or in the port, it&#8217;s time to taste the famous <\/span><b>ensa\u00efmada of Majorca<\/b><span style=\"font-weight: 400;\">!. The  <\/span><b>Alcudia Bay<\/b><span style=\"font-weight: 400;\"> is a long sandy beach of 3.5 km of Caribbean appearance, divided by the <\/span><b>Beaches of Alcudia, Muro and Can Picafort <\/b><span style=\"font-weight: 400;\">until arriving at <\/span><b>Arta.<\/b><span style=\"font-weight: 400;\"> In the hottest months you will not be able to resist a swim in one of these paradisiacal beaches, or a quiet walk in the winter months without the summer crowds. <\/span> <\/p>\t\t\t\t\t\t\t\t<\/div>\n\t\t\t\t<\/div>\n\t\t\t\t<div class=\"elementor-element elementor-element-8211373 elementor-widget elementor-widget-image\" data-id=\"8211373\" data-element_type=\"widget\" data-e-type=\"widget\" data-settings=\"{&quot;_animation&quot;:&quot;none&quot;}\" data-widget_type=\"image.default\">\n\t\t\t\t<div class=\"elementor-widget-container\">\n\t\t\t\t\t\t\t\t\t\t\t\t<figure class=\"wp-caption\">\n\t\t\t\t\t\t\t\t\t\t<img decoding=\"async\" width=\"512\" height=\"291\" data-src=\"https:\/\/mallorcapremiumtours.com\/\/wp-content\/uploads\/2023\/09\/bahia-de-alcudia.png\" class=\"attachment-medium_large size-medium_large wp-image-19289 lazyload\" alt=\"bahia de alcudia en la isla de mallorca\" data-srcset=\"https:\/\/mallorcapremiumtours.com\/\/wp-content\/uploads\/2023\/09\/bahia-de-alcudia.png 512w, https:\/\/mallorcapremiumtours.com\/\/wp-content\/uploads\/2023\/09\/bahia-de-alcudia-300x171.png 300w\" data-sizes=\"(max-width: 512px) 100vw, 512px\" src=\"data:image\/svg+xml;base64,PHN2ZyB3aWR0aD0iMSIgaGVpZ2h0PSIxIiB4bWxucz0iaHR0cDovL3d3dy53My5vcmcvMjAwMC9zdmciPjwvc3ZnPg==\" style=\"--smush-placeholder-width: 512px; --smush-placeholder-aspect-ratio: 512\/291;\" \/>\t\t\t\t\t\t\t\t\t\t\t<figcaption class=\"widget-image-caption wp-caption-text\">Fuente: gardenhotels.com\n<\/figcaption>\n\t\t\t\t\t\t\t\t\t\t<\/figure>\n\t\t\t\t\t\t\t\t\t<\/div>\n\t\t\t\t<\/div>\n\t\t\t\t<div class=\"elementor-element elementor-element-9f45c29 elementor-widget elementor-widget-heading\" data-id=\"9f45c29\" data-element_type=\"widget\" data-e-type=\"widget\" data-widget_type=\"heading.default\">\n\t\t\t\t<div class=\"elementor-widget-container\">\n\t\t\t\t\t<h3 class=\"elementor-heading-title elementor-size-default\">UNDERGROUND CAVES\n<\/h3>\t\t\t\t<\/div>\n\t\t\t\t<\/div>\n\t\t\t\t<div class=\"elementor-element elementor-element-de4de8f elementor-widget elementor-widget-text-editor\" data-id=\"de4de8f\" data-element_type=\"widget\" data-e-type=\"widget\" data-widget_type=\"text-editor.default\">\n\t\t\t\t<div class=\"elementor-widget-container\">\n\t\t\t\t\t\t\t\t\t<p><span style=\"font-weight: 400;\">One of the most incredible natural attractions in Mallorca is to visit the impressive subway caves, treasures formed over millions of years. Many can be visited: at<\/span> <b> Porto Cristo (Manacor)<\/b><span style=\"font-weight: 400;\"> you will find the famous <\/span><b>Caves of Drach<\/b><span style=\"font-weight: 400;\">with its interior lake, although they are somewhat overcrowded in summer and the <\/span><b>Caves of Hams<\/b><span style=\"font-weight: 400;\">  which offers family experiences next to the Dinosaur Land park. We love the impressive  <\/span><b>Caves of Art\u00e0<\/b><span style=\"font-weight: 400;\">  which offers routes in small, almost private groups to discover the formation and secrets of these monuments of nature. choose the one that best suits your day!  <\/span><\/p>\t\t\t\t\t\t\t\t<\/div>\n\t\t\t\t<\/div>\n\t\t\t\t<div class=\"elementor-element elementor-element-c522952 elementor-widget elementor-widget-image\" data-id=\"c522952\" data-element_type=\"widget\" data-e-type=\"widget\" data-settings=\"{&quot;_animation&quot;:&quot;none&quot;}\" data-widget_type=\"image.default\">\n\t\t\t\t<div class=\"elementor-widget-container\">\n\t\t\t\t\t\t\t\t\t\t\t\t<figure class=\"wp-caption\">\n\t\t\t\t\t\t\t\t\t\t<img decoding=\"async\" width=\"512\" height=\"288\" data-src=\"https:\/\/mallorcapremiumtours.com\/\/wp-content\/uploads\/2023\/09\/cuevas-de-arta-en-mallorca.png\" class=\"attachment-medium_large size-medium_large wp-image-19299 lazyload\" alt=\"Cuevas de Art\u00e0 en la isla de Mallorca\" data-srcset=\"https:\/\/mallorcapremiumtours.com\/\/wp-content\/uploads\/2023\/09\/cuevas-de-arta-en-mallorca.png 512w, https:\/\/mallorcapremiumtours.com\/\/wp-content\/uploads\/2023\/09\/cuevas-de-arta-en-mallorca-300x169.png 300w\" data-sizes=\"(max-width: 512px) 100vw, 512px\" src=\"data:image\/svg+xml;base64,PHN2ZyB3aWR0aD0iMSIgaGVpZ2h0PSIxIiB4bWxucz0iaHR0cDovL3d3dy53My5vcmcvMjAwMC9zdmciPjwvc3ZnPg==\" style=\"--smush-placeholder-width: 512px; --smush-placeholder-aspect-ratio: 512\/288;\" \/>\t\t\t\t\t\t\t\t\t\t\t<figcaption class=\"widget-image-caption wp-caption-text\">Imagen: Cuevas de Arta. Fuente: barcelo.com\n<\/figcaption>\n\t\t\t\t\t\t\t\t\t\t<\/figure>\n\t\t\t\t\t\t\t\t\t<\/div>\n\t\t\t\t<\/div>\n\t\t\t\t<div class=\"elementor-element elementor-element-5df3099 elementor-widget elementor-widget-heading\" data-id=\"5df3099\" data-element_type=\"widget\" data-e-type=\"widget\" data-widget_type=\"heading.default\">\n\t\t\t\t<div class=\"elementor-widget-container\">\n\t\t\t\t\t<h3 class=\"elementor-heading-title elementor-size-default\">SOUTH EAST COAST<\/h3>\t\t\t\t<\/div>\n\t\t\t\t<\/div>\n\t\t\t\t<div class=\"elementor-element elementor-element-3149cc9 elementor-widget elementor-widget-text-editor\" data-id=\"3149cc9\" data-element_type=\"widget\" data-e-type=\"widget\" data-widget_type=\"text-editor.default\">\n\t\t\t\t<div class=\"elementor-widget-container\">\n\t\t\t\t\t\t\t\t\t<p><span style=\"font-weight: 400;\">The southeast coast of Mallorca is a piece of paradise full of coves, ports and fishing villages of white houses bathed by crystal clear waters. It covers the municipalities of  <\/span><b>Manacor<\/b><span style=\"font-weight: 400;\">the city where Rafa Nadal was born <\/span><a href=\"https:\/\/www.rafanadalmuseum.com\/\"><b>Rafa Nadal<\/b><\/a><b>, <\/b><span style=\"font-weight: 400;\">the most famous Mallorcan in the world, and in <\/span><b>Portocristo <\/b><span style=\"font-weight: 400;\">you will find the impressive yacht of the tennis player (if he is not sailing with it), <\/span><b>Felanitx and Santany\u00ed,<\/b><span style=\"font-weight: 400;\">  with their respective ports as well. The municipality of the latter has created  <\/span><a href=\"https:\/\/visitcalafiguera.com\/wp-content\/uploads\/2021\/06\/Rutas-en-Santanyi.pdf\"><span style=\"font-weight: 400;\">twelve routes<\/span><\/a><span style=\"font-weight: 400;\"> of less than an hour to discover the landscape of one of the most emblematic coasts of the island. <\/span><i><span style=\"font-weight: 400;\">Feim un capfico?<\/span><\/i><span style=\"font-weight: 400;\"> (Shall we take a dip?)<\/span><\/p>\t\t\t\t\t\t\t\t<\/div>\n\t\t\t\t<\/div>\n\t\t\t\t<div class=\"elementor-element elementor-element-0052e8e elementor-widget elementor-widget-heading\" data-id=\"0052e8e\" data-element_type=\"widget\" data-e-type=\"widget\" data-widget_type=\"heading.default\">\n\t\t\t\t<div class=\"elementor-widget-container\">\n\t\t\t\t\t<h3 class=\"elementor-heading-title elementor-size-default\">GASTRONOMIC EXPERIENCE IN WINERIES\n<\/h3>\t\t\t\t<\/div>\n\t\t\t\t<\/div>\n\t\t\t\t<div class=\"elementor-element elementor-element-115339d elementor-widget elementor-widget-text-editor\" data-id=\"115339d\" data-element_type=\"widget\" data-e-type=\"widget\" data-widget_type=\"text-editor.default\">\n\t\t\t\t<div class=\"elementor-widget-container\">\n\t\t\t\t\t\t\t\t\t<p><span style=\"font-weight: 400;\">You can&#8217;t leave the island without tasting the <\/span><a href=\"https:\/\/mallorcapremiumtours.com\/en\/blog\/wines-of-mallorca\/\"><span style=\"font-weight: 400;\">wine<\/span><\/a><span style=\"font-weight: 400;\">  and oil from Mallorca. The southeastern part of the island has its own  <\/span><b>D.O (Pla i Llevant)<\/b><span style=\"font-weight: 400;\">  which groups more than 13 wineries and more than 70 winegrowers. Many of them offer wine tourism experiences, with views of the vineyards, explanations of the production of wine and oil and gastronomic experiences with tasting of the products accompanied by a delicious  <\/span><b><i>Pa amb oli<\/i><\/b><span style=\"font-weight: 400;\"> (Bread <\/span><i><span style=\"font-weight: 400;\">peasant bread<\/span><\/i><span style=\"font-weight: 400;\"> with oil and tomato from <\/span><i><span style=\"font-weight: 400;\">ramallet <\/span><\/i><span style=\"font-weight: 400;\">together with tasty sausages and cheeses of the island)<\/span><\/p>\t\t\t\t\t\t\t\t<\/div>\n\t\t\t\t<\/div>\n\t\t\t\t<div class=\"elementor-element elementor-element-75a9012 elementor-widget elementor-widget-image\" data-id=\"75a9012\" data-element_type=\"widget\" data-e-type=\"widget\" data-settings=\"{&quot;_animation&quot;:&quot;none&quot;}\" data-widget_type=\"image.default\">\n\t\t\t\t<div class=\"elementor-widget-container\">\n\t\t\t\t\t\t\t\t\t\t\t\t<figure class=\"wp-caption\">\n\t\t\t\t\t\t\t\t\t\t<img decoding=\"async\" width=\"512\" height=\"320\" data-src=\"https:\/\/mallorcapremiumtours.com\/\/wp-content\/uploads\/2023\/09\/picoteo-mallorquin.png\" class=\"attachment-medium_large size-medium_large wp-image-19315 lazyload\" alt=\"Picoteo t\u00edpico de Mallorca\" data-srcset=\"https:\/\/mallorcapremiumtours.com\/\/wp-content\/uploads\/2023\/09\/picoteo-mallorquin.png 512w, https:\/\/mallorcapremiumtours.com\/\/wp-content\/uploads\/2023\/09\/picoteo-mallorquin-300x188.png 300w\" data-sizes=\"(max-width: 512px) 100vw, 512px\" src=\"data:image\/svg+xml;base64,PHN2ZyB3aWR0aD0iMSIgaGVpZ2h0PSIxIiB4bWxucz0iaHR0cDovL3d3dy53My5vcmcvMjAwMC9zdmciPjwvc3ZnPg==\" style=\"--smush-placeholder-width: 512px; --smush-placeholder-aspect-ratio: 512\/320;\" \/>\t\t\t\t\t\t\t\t\t\t\t<figcaption class=\"widget-image-caption wp-caption-text\">Fuente: https:\/\/www.vinyasonalegre.com\/\n<\/figcaption>\n\t\t\t\t\t\t\t\t\t\t<\/figure>\n\t\t\t\t\t\t\t\t\t<\/div>\n\t\t\t\t<\/div>\n\t\t\t\t<div class=\"elementor-element elementor-element-91f5925 elementor-widget elementor-widget-text-editor\" data-id=\"91f5925\" data-element_type=\"widget\" data-e-type=\"widget\" data-widget_type=\"text-editor.default\">\n\t\t\t\t<div class=\"elementor-widget-container\">\n\t\t\t\t\t\t\t\t\t<p><span style=\"font-weight: 400;\">After this tour around the island you will have discovered history and culture, famous characters, natural and cultural landscapes, gastronomy, and the magic of the Mediterranean Sea with all your senses: shapes, colors, smells, tastes and sensations that you will never forget. Discover with your  <\/span><a href=\"https:\/\/mallorcapremiumtours.com\/en\/contact\/\"><span style=\"font-weight: 400;\">local guide<\/span><\/a><span style=\"font-weight: 400;\"> all that Mallorca has to offer, in personalized routes prepared with all the love we feel for our land. We are waiting for you!<\/span><\/p>\t\t\t\t\t\t\t\t<\/div>\n\t\t\t\t<\/div>\n\t\t\t\t<div class=\"elementor-element elementor-element-d644538 elementor-post-navigation-borders-yes elementor-invisible elementor-widget elementor-widget-post-navigation\" data-id=\"d644538\" data-element_type=\"widget\" data-e-type=\"widget\" data-settings=\"{&quot;_animation&quot;:&quot;zoomIn&quot;}\" data-widget_type=\"post-navigation.default\">\n\t\t\t\t<div class=\"elementor-widget-container\">\n\t\t\t\t\t\t\t<div class=\"elementor-post-navigation\" role=\"navigation\" aria-label=\"Post Navigation\">\n\t\t\t<div class=\"elementor-post-navigation__prev elementor-post-navigation__link\">\n\t\t\t\t<a href=\"https:\/\/mallorcapremiumtours.com\/en\/blog\/viewpoints-of-mallorca\/\" rel=\"prev\"><span class=\"post-navigation__arrow-wrapper post-navigation__arrow-prev\"><i aria-hidden=\"true\" class=\"fas fa-angle-left\"><\/i><span class=\"elementor-screen-only\">Prev<\/span><\/span><span class=\"elementor-post-navigation__link__prev\"><span class=\"post-navigation__prev--label\">Previous<\/span><span class=\"post-navigation__prev--title\">Viewpoints of Mallorca<\/span><\/span><\/a>\t\t\t<\/div>\n\t\t\t\t\t\t\t<div class=\"elementor-post-navigation__separator-wrapper\">\n\t\t\t\t\t<div class=\"elementor-post-navigation__separator\"><\/div>\n\t\t\t\t<\/div>\n\t\t\t\t\t\t<div class=\"elementor-post-navigation__next elementor-post-navigation__link\">\n\t\t\t\t<a href=\"https:\/\/mallorcapremiumtours.com\/en\/blog\/christmas-in-mallorca\/\" rel=\"next\"><span class=\"elementor-post-navigation__link__next\"><span class=\"post-navigation__next--label\">Next<\/span><span class=\"post-navigation__next--title\">Christmas in Mallorca<\/span><\/span><span class=\"post-navigation__arrow-wrapper post-navigation__arrow-next\"><i aria-hidden=\"true\" class=\"fas fa-angle-right\"><\/i><span class=\"elementor-screen-only\">Next<\/span><\/span><\/a>\t\t\t<\/div>\n\t\t<\/div>\n\t\t\t\t\t\t<\/div>\n\t\t\t\t<\/div>\n\t\t\t\t\t<\/div>\n\t\t<\/div>\n\t\t\t\t\t<\/div>\n\t\t<\/section>\n\t\t\t\t<section class=\"elementor-section elementor-top-section elementor-element elementor-element-2e144ce8 elementor-section-stretched elementor-section-boxed elementor-section-height-default elementor-section-height-default\" data-id=\"2e144ce8\" data-element_type=\"section\" data-e-type=\"section\" data-settings=\"{&quot;stretch_section&quot;:&quot;section-stretched&quot;,&quot;background_background&quot;:&quot;classic&quot;}\">\n\t\t\t\t\t\t<div class=\"elementor-container elementor-column-gap-default\">\n\t\t\t\t\t<div class=\"elementor-column elementor-col-100 elementor-top-column elementor-element elementor-element-6064da13\" data-id=\"6064da13\" data-element_type=\"column\" data-e-type=\"column\">\n\t\t\t<div class=\"elementor-widget-wrap elementor-element-populated\">\n\t\t\t\t\t\t<div class=\"elementor-element elementor-element-21bc4f2e elementor-invisible elementor-widget elementor-widget-theme-site-logo elementor-widget-image\" data-id=\"21bc4f2e\" data-element_type=\"widget\" data-e-type=\"widget\" data-settings=\"{&quot;_animation&quot;:&quot;zoomIn&quot;}\" data-widget_type=\"theme-site-logo.default\">\n\t\t\t\t<div class=\"elementor-widget-container\">\n\t\t\t\t\t\t\t\t\t\t\t<a href=\"https:\/\/mallorcapremiumtours.com\/en\/\">\n\t\t\t<img decoding=\"async\" width=\"150\" height=\"150\" data-src=\"https:\/\/mallorcapremiumtours.com\/\/wp-content\/uploads\/2020\/03\/logotipo-mallorca-premium-tours-sin-fondo-reducida-ING-150x150.png\" class=\"attachment-thumbnail size-thumbnail wp-image-13936 lazyload\" alt=\"Mallorca Premium Tours logo\" src=\"data:image\/svg+xml;base64,PHN2ZyB3aWR0aD0iMSIgaGVpZ2h0PSIxIiB4bWxucz0iaHR0cDovL3d3dy53My5vcmcvMjAwMC9zdmciPjwvc3ZnPg==\" style=\"--smush-placeholder-width: 150px; --smush-placeholder-aspect-ratio: 150\/150;\" \/>\t\t\t\t<\/a>\n\t\t\t\t\t\t\t\t\t\t\t<\/div>\n\t\t\t\t<\/div>\n\t\t\t\t<div class=\"elementor-element elementor-element-6021966a elementor-widget elementor-widget-text-editor\" data-id=\"6021966a\" data-element_type=\"widget\" data-e-type=\"widget\" data-widget_type=\"text-editor.default\">\n\t\t\t\t<div class=\"elementor-widget-container\">\n\t\t\t\t\t\t\t\t\t<p>Mallorca Premium Tours &#8211; Private tours all over Mallorca<\/p>\t\t\t\t\t\t\t\t<\/div>\n\t\t\t\t<\/div>\n\t\t\t\t\t<\/div>\n\t\t<\/div>\n\t\t\t\t\t<\/div>\n\t\t<\/section>\n\t\t\t\t<section class=\"elementor-section elementor-top-section elementor-element elementor-element-1ad0169a elementor-section-stretched elementor-section-boxed elementor-section-height-default elementor-section-height-default\" data-id=\"1ad0169a\" data-element_type=\"section\" data-e-type=\"section\" data-settings=\"{&quot;stretch_section&quot;:&quot;section-stretched&quot;,&quot;background_background&quot;:&quot;classic&quot;}\">\n\t\t\t\t\t\t<div class=\"elementor-container elementor-column-gap-default\">\n\t\t\t\t\t<div class=\"elementor-column elementor-col-100 elementor-top-column elementor-element elementor-element-663fee33\" data-id=\"663fee33\" data-element_type=\"column\" data-e-type=\"column\">\n\t\t\t<div class=\"elementor-widget-wrap elementor-element-populated\">\n\t\t\t\t\t\t<div class=\"elementor-element elementor-element-13ec14cf elementor-widget elementor-widget-heading\" data-id=\"13ec14cf\" data-element_type=\"widget\" data-e-type=\"widget\" data-widget_type=\"heading.default\">\n\t\t\t\t<div class=\"elementor-widget-container\">\n\t\t\t\t\t<p class=\"elementor-heading-title elementor-size-default\">Follow us at<\/p>\t\t\t\t<\/div>\n\t\t\t\t<\/div>\n\t\t\t\t<div class=\"elementor-element elementor-element-64af18c3 elementor-shape-circle elementor-grid-0 e-grid-align-center elementor-widget elementor-widget-social-icons\" data-id=\"64af18c3\" data-element_type=\"widget\" data-e-type=\"widget\" data-widget_type=\"social-icons.default\">\n\t\t\t\t<div class=\"elementor-widget-container\">\n\t\t\t\t\t\t\t<div class=\"elementor-social-icons-wrapper elementor-grid\" role=\"list\">\n\t\t\t\t\t\t\t<span class=\"elementor-grid-item\" role=\"listitem\">\n\t\t\t\t\t<a class=\"elementor-icon elementor-social-icon elementor-social-icon-facebook elementor-animation-pop elementor-repeater-item-bf4d568\" href=\"https:\/\/www.facebook.com\/mallorcapremiumtours\" target=\"_blank\">\n\t\t\t\t\t\t<span class=\"elementor-screen-only\">Facebook<\/span>\n\t\t\t\t\t\t<i aria-hidden=\"true\" class=\"fab fa-facebook\"><\/i>\t\t\t\t\t<\/a>\n\t\t\t\t<\/span>\n\t\t\t\t\t\t\t<span class=\"elementor-grid-item\" role=\"listitem\">\n\t\t\t\t\t<a class=\"elementor-icon elementor-social-icon elementor-social-icon-instagram elementor-animation-pop elementor-repeater-item-f6c5068\" href=\"https:\/\/www.instagram.com\/mallorcapremiumtours\/\" target=\"_blank\">\n\t\t\t\t\t\t<span class=\"elementor-screen-only\">Instagram<\/span>\n\t\t\t\t\t\t<i aria-hidden=\"true\" class=\"fab fa-instagram\"><\/i>\t\t\t\t\t<\/a>\n\t\t\t\t<\/span>\n\t\t\t\t\t\t\t<span class=\"elementor-grid-item\" role=\"listitem\">\n\t\t\t\t\t<a class=\"elementor-icon elementor-social-icon elementor-social-icon-pinterest elementor-animation-pop elementor-repeater-item-5e9ebaf\" href=\"https:\/\/www.pinterest.de\/mallorcafree\/boards\/\" target=\"_blank\">\n\t\t\t\t\t\t<span class=\"elementor-screen-only\">Pinterest<\/span>\n\t\t\t\t\t\t<i aria-hidden=\"true\" class=\"fab fa-pinterest\"><\/i>\t\t\t\t\t<\/a>\n\t\t\t\t<\/span>\n\t\t\t\t\t\t\t<span class=\"elementor-grid-item\" role=\"listitem\">\n\t\t\t\t\t<a class=\"elementor-icon elementor-social-icon elementor-social-icon-tripadvisor elementor-animation-pop elementor-repeater-item-cb9a814\" href=\"https:\/\/www.tripadvisor.es\/Attraction_Review-g187463-d12201527-Reviews-Tour_Teatro-Palma_de_Mallorca_Majorca_Balearic_Islands.html\" target=\"_blank\">\n\t\t\t\t\t\t<span class=\"elementor-screen-only\">Tripadvisor<\/span>\n\t\t\t\t\t\t<i aria-hidden=\"true\" class=\"fab fa-tripadvisor\"><\/i>\t\t\t\t\t<\/a>\n\t\t\t\t<\/span>\n\t\t\t\t\t\t\t<span class=\"elementor-grid-item\" role=\"listitem\">\n\t\t\t\t\t<a class=\"elementor-icon elementor-social-icon elementor-social-icon-linkedin elementor-animation-pop elementor-repeater-item-bdf72f7\" href=\"https:\/\/www.linkedin.com\/company\/tour-teatro\" target=\"_blank\">\n\t\t\t\t\t\t<span class=\"elementor-screen-only\">Linkedin<\/span>\n\t\t\t\t\t\t<i aria-hidden=\"true\" class=\"fab fa-linkedin\"><\/i>\t\t\t\t\t<\/a>\n\t\t\t\t<\/span>\n\t\t\t\t\t<\/div>\n\t\t\t\t\t\t<\/div>\n\t\t\t\t<\/div>\n\t\t\t\t\t<\/div>\n\t\t<\/div>\n\t\t\t\t\t<\/div>\n\t\t<\/section>\n\t\t\t\t<\/div>\n\t\t","protected":false},"excerpt":{"rendered":"<p>Mallorca in 3 days. Interesting things to do in Palma de Mallorca Back to Blog What to see in Mallorca in 3 days Mallorca has direct connections to many Spanish and European cities, if you need to disconnect for a few days and make a getaway, it can be an ideal place as it has &#8230; <a title=\"Mallorca in 3 days\" class=\"read-more\" href=\"https:\/\/mallorcapremiumtours.com\/en\/blog\/mallorca-in-3-days\/\" aria-label=\"More on Mallorca in 3 days\">Read more<\/a><\/p>\n","protected":false},"author":1,"featured_media":18347,"comment_status":"open","ping_status":"open","sticky":false,"template":"elementor_header_footer","format":"standard","meta":{"footnotes":""},"categories":[45],"tags":[],"class_list":["post-19323","post","type-post","status-publish","format-standard","has-post-thumbnail","hentry","category-guided-tours-in-palma-de-mallorca"],"yoast_head":"<!-- This site is optimized with the Yoast SEO plugin v27.3 - https:\/\/yoast.com\/product\/yoast-seo-wordpress\/ -->\n<title>what to see in Mallorca in 3 days | Mallorca Premium Tours<\/title>\n<meta name=\"description\" content=\"What to see in Mallorca in 3 days. Prepare your getaway on the island of calm: Discover Palma, Valldemossa, S\u00f3ller and much more. \u260e+34 683 317192.\" \/>\n<meta name=\"robots\" content=\"index, follow, max-snippet:-1, max-image-preview:large, max-video-preview:-1\" \/>\n<link rel=\"canonical\" href=\"https:\/\/mallorcapremiumtours.com\/en\/blog\/mallorca-in-3-days\/\" \/>\n<meta property=\"og:locale\" content=\"en_US\" \/>\n<meta property=\"og:type\" content=\"article\" \/>\n<meta property=\"og:title\" content=\"what to see in Mallorca in 3 days | Mallorca Premium Tours\" \/>\n<meta property=\"og:description\" content=\"What to see in Mallorca in 3 days. Prepare your getaway on the island of calm: Discover Palma, Valldemossa, S\u00f3ller and much more. \u260e+34 683 317192.\" \/>\n<meta property=\"og:url\" content=\"https:\/\/mallorcapremiumtours.com\/en\/blog\/mallorca-in-3-days\/\" \/>\n<meta property=\"og:site_name\" content=\"Mallorca Premium Tours\" \/>\n<meta property=\"article:publisher\" content=\"https:\/\/www.facebook.com\/mallorcapremiumtours\/\" \/>\n<meta property=\"article:published_time\" content=\"2023-09-20T09:06:57+00:00\" \/>\n<meta property=\"article:modified_time\" content=\"2025-11-23T21:06:10+00:00\" \/>\n<meta property=\"og:image\" content=\"https:\/\/mallorcapremiumtours.com\/\/wp-content\/uploads\/2023\/06\/Palma-y-Valldemossa.jpg\" \/>\n\t<meta property=\"og:image:width\" content=\"500\" \/>\n\t<meta property=\"og:image:height\" content=\"400\" \/>\n\t<meta property=\"og:image:type\" content=\"image\/jpeg\" \/>\n<meta name=\"author\" content=\"admin\" \/>\n<meta name=\"twitter:card\" content=\"summary_large_image\" \/>\n<meta name=\"twitter:label1\" content=\"Written by\" \/>\n\t<meta name=\"twitter:data1\" content=\"admin\" \/>\n\t<meta name=\"twitter:label2\" content=\"Est. reading time\" \/>\n\t<meta name=\"twitter:data2\" content=\"11 minutes\" \/>\n<script type=\"application\/ld+json\" class=\"yoast-schema-graph\">{\"@context\":\"https:\\\/\\\/schema.org\",\"@graph\":[{\"@type\":\"Article\",\"@id\":\"https:\\\/\\\/mallorcapremiumtours.com\\\/en\\\/blog\\\/mallorca-in-3-days\\\/#article\",\"isPartOf\":{\"@id\":\"https:\\\/\\\/mallorcapremiumtours.com\\\/en\\\/blog\\\/mallorca-in-3-days\\\/\"},\"author\":{\"name\":\"admin\",\"@id\":\"https:\\\/\\\/mallorcapremiumtours.com\\\/#\\\/schema\\\/person\\\/31375b66db75ecd59b1a01d3b9a26789\"},\"headline\":\"Mallorca in 3 days\",\"datePublished\":\"2023-09-20T09:06:57+00:00\",\"dateModified\":\"2025-11-23T21:06:10+00:00\",\"mainEntityOfPage\":{\"@id\":\"https:\\\/\\\/mallorcapremiumtours.com\\\/en\\\/blog\\\/mallorca-in-3-days\\\/\"},\"wordCount\":1887,\"commentCount\":0,\"publisher\":{\"@id\":\"https:\\\/\\\/mallorcapremiumtours.com\\\/#organization\"},\"image\":{\"@id\":\"https:\\\/\\\/mallorcapremiumtours.com\\\/en\\\/blog\\\/mallorca-in-3-days\\\/#primaryimage\"},\"thumbnailUrl\":\"https:\\\/\\\/mallorcapremiumtours.com\\\/\\\/wp-content\\\/uploads\\\/2023\\\/06\\\/Palma-y-Valldemossa.jpg\",\"articleSection\":[\"Guided tours in Palma de Mallorca\"],\"inLanguage\":\"en-US\",\"potentialAction\":[{\"@type\":\"CommentAction\",\"name\":\"Comment\",\"target\":[\"https:\\\/\\\/mallorcapremiumtours.com\\\/en\\\/blog\\\/mallorca-in-3-days\\\/#respond\"]}]},{\"@type\":\"WebPage\",\"@id\":\"https:\\\/\\\/mallorcapremiumtours.com\\\/en\\\/blog\\\/mallorca-in-3-days\\\/\",\"url\":\"https:\\\/\\\/mallorcapremiumtours.com\\\/en\\\/blog\\\/mallorca-in-3-days\\\/\",\"name\":\"what to see in Mallorca in 3 days | Mallorca Premium Tours\",\"isPartOf\":{\"@id\":\"https:\\\/\\\/mallorcapremiumtours.com\\\/#website\"},\"primaryImageOfPage\":{\"@id\":\"https:\\\/\\\/mallorcapremiumtours.com\\\/en\\\/blog\\\/mallorca-in-3-days\\\/#primaryimage\"},\"image\":{\"@id\":\"https:\\\/\\\/mallorcapremiumtours.com\\\/en\\\/blog\\\/mallorca-in-3-days\\\/#primaryimage\"},\"thumbnailUrl\":\"https:\\\/\\\/mallorcapremiumtours.com\\\/\\\/wp-content\\\/uploads\\\/2023\\\/06\\\/Palma-y-Valldemossa.jpg\",\"datePublished\":\"2023-09-20T09:06:57+00:00\",\"dateModified\":\"2025-11-23T21:06:10+00:00\",\"description\":\"What to see in Mallorca in 3 days. Prepare your getaway on the island of calm: Discover Palma, Valldemossa, S\u00f3ller and much more. \u260e+34 683 317192.\",\"breadcrumb\":{\"@id\":\"https:\\\/\\\/mallorcapremiumtours.com\\\/en\\\/blog\\\/mallorca-in-3-days\\\/#breadcrumb\"},\"inLanguage\":\"en-US\",\"potentialAction\":[{\"@type\":\"ReadAction\",\"target\":[\"https:\\\/\\\/mallorcapremiumtours.com\\\/en\\\/blog\\\/mallorca-in-3-days\\\/\"]}]},{\"@type\":\"ImageObject\",\"inLanguage\":\"en-US\",\"@id\":\"https:\\\/\\\/mallorcapremiumtours.com\\\/en\\\/blog\\\/mallorca-in-3-days\\\/#primaryimage\",\"url\":\"https:\\\/\\\/mallorcapremiumtours.com\\\/\\\/wp-content\\\/uploads\\\/2023\\\/06\\\/Palma-y-Valldemossa.jpg\",\"contentUrl\":\"https:\\\/\\\/mallorcapremiumtours.com\\\/\\\/wp-content\\\/uploads\\\/2023\\\/06\\\/Palma-y-Valldemossa.jpg\",\"width\":500,\"height\":400,\"caption\":\"tour-privado-palma-y-valldemossa-4-horas\"},{\"@type\":\"BreadcrumbList\",\"@id\":\"https:\\\/\\\/mallorcapremiumtours.com\\\/en\\\/blog\\\/mallorca-in-3-days\\\/#breadcrumb\",\"itemListElement\":[{\"@type\":\"ListItem\",\"position\":1,\"name\":\"Portada\",\"item\":\"https:\\\/\\\/mallorcapremiumtours.com\\\/en\\\/\"},{\"@type\":\"ListItem\",\"position\":2,\"name\":\"Mallorca in 3 days\"}]},{\"@type\":\"WebSite\",\"@id\":\"https:\\\/\\\/mallorcapremiumtours.com\\\/#website\",\"url\":\"https:\\\/\\\/mallorcapremiumtours.com\\\/\",\"name\":\"Mallorca Premium Tours\",\"description\":\"Tours y visitas guiadas privadas en Mallorca\",\"publisher\":{\"@id\":\"https:\\\/\\\/mallorcapremiumtours.com\\\/#organization\"},\"potentialAction\":[{\"@type\":\"SearchAction\",\"target\":{\"@type\":\"EntryPoint\",\"urlTemplate\":\"https:\\\/\\\/mallorcapremiumtours.com\\\/?s={search_term_string}\"},\"query-input\":{\"@type\":\"PropertyValueSpecification\",\"valueRequired\":true,\"valueName\":\"search_term_string\"}}],\"inLanguage\":\"en-US\"},{\"@type\":\"Organization\",\"@id\":\"https:\\\/\\\/mallorcapremiumtours.com\\\/#organization\",\"name\":\"Mallorca Premium Tours\",\"url\":\"https:\\\/\\\/mallorcapremiumtours.com\\\/\",\"logo\":{\"@type\":\"ImageObject\",\"inLanguage\":\"en-US\",\"@id\":\"https:\\\/\\\/mallorcapremiumtours.com\\\/#\\\/schema\\\/logo\\\/image\\\/\",\"url\":\"https:\\\/\\\/mallorcapremiumtours.com\\\/\\\/wp-content\\\/uploads\\\/2023\\\/03\\\/Premium-tours-sin-fondo-reducida-ESP.png\",\"contentUrl\":\"https:\\\/\\\/mallorcapremiumtours.com\\\/\\\/wp-content\\\/uploads\\\/2023\\\/03\\\/Premium-tours-sin-fondo-reducida-ESP.png\",\"width\":608,\"height\":608,\"caption\":\"Mallorca Premium Tours\"},\"image\":{\"@id\":\"https:\\\/\\\/mallorcapremiumtours.com\\\/#\\\/schema\\\/logo\\\/image\\\/\"},\"sameAs\":[\"https:\\\/\\\/www.facebook.com\\\/mallorcapremiumtours\\\/\"]},{\"@type\":\"Person\",\"@id\":\"https:\\\/\\\/mallorcapremiumtours.com\\\/#\\\/schema\\\/person\\\/31375b66db75ecd59b1a01d3b9a26789\",\"name\":\"admin\",\"image\":{\"@type\":\"ImageObject\",\"inLanguage\":\"en-US\",\"@id\":\"https:\\\/\\\/secure.gravatar.com\\\/avatar\\\/6c360b62056484c7ef74b1996e188dcb4f1d4dd971cb37381c64e1b4df41692c?s=96&d=mm&r=g\",\"url\":\"https:\\\/\\\/secure.gravatar.com\\\/avatar\\\/6c360b62056484c7ef74b1996e188dcb4f1d4dd971cb37381c64e1b4df41692c?s=96&d=mm&r=g\",\"contentUrl\":\"https:\\\/\\\/secure.gravatar.com\\\/avatar\\\/6c360b62056484c7ef74b1996e188dcb4f1d4dd971cb37381c64e1b4df41692c?s=96&d=mm&r=g\",\"caption\":\"admin\"}}]}<\/script>\n<!-- \/ Yoast SEO plugin. -->","yoast_head_json":{"title":"what to see in Mallorca in 3 days | Mallorca Premium Tours","description":"What to see in Mallorca in 3 days. Prepare your getaway on the island of calm: Discover Palma, Valldemossa, S\u00f3ller and much more. \u260e+34 683 317192.","robots":{"index":"index","follow":"follow","max-snippet":"max-snippet:-1","max-image-preview":"max-image-preview:large","max-video-preview":"max-video-preview:-1"},"canonical":"https:\/\/mallorcapremiumtours.com\/en\/blog\/mallorca-in-3-days\/","og_locale":"en_US","og_type":"article","og_title":"what to see in Mallorca in 3 days | Mallorca Premium Tours","og_description":"What to see in Mallorca in 3 days. Prepare your getaway on the island of calm: Discover Palma, Valldemossa, S\u00f3ller and much more. \u260e+34 683 317192.","og_url":"https:\/\/mallorcapremiumtours.com\/en\/blog\/mallorca-in-3-days\/","og_site_name":"Mallorca Premium Tours","article_publisher":"https:\/\/www.facebook.com\/mallorcapremiumtours\/","article_published_time":"2023-09-20T09:06:57+00:00","article_modified_time":"2025-11-23T21:06:10+00:00","og_image":[{"width":500,"height":400,"url":"https:\/\/mallorcapremiumtours.com\/\/wp-content\/uploads\/2023\/06\/Palma-y-Valldemossa.jpg","type":"image\/jpeg"}],"author":"admin","twitter_card":"summary_large_image","twitter_misc":{"Written by":"admin","Est. reading time":"11 minutes"},"schema":{"@context":"https:\/\/schema.org","@graph":[{"@type":"Article","@id":"https:\/\/mallorcapremiumtours.com\/en\/blog\/mallorca-in-3-days\/#article","isPartOf":{"@id":"https:\/\/mallorcapremiumtours.com\/en\/blog\/mallorca-in-3-days\/"},"author":{"name":"admin","@id":"https:\/\/mallorcapremiumtours.com\/#\/schema\/person\/31375b66db75ecd59b1a01d3b9a26789"},"headline":"Mallorca in 3 days","datePublished":"2023-09-20T09:06:57+00:00","dateModified":"2025-11-23T21:06:10+00:00","mainEntityOfPage":{"@id":"https:\/\/mallorcapremiumtours.com\/en\/blog\/mallorca-in-3-days\/"},"wordCount":1887,"commentCount":0,"publisher":{"@id":"https:\/\/mallorcapremiumtours.com\/#organization"},"image":{"@id":"https:\/\/mallorcapremiumtours.com\/en\/blog\/mallorca-in-3-days\/#primaryimage"},"thumbnailUrl":"https:\/\/mallorcapremiumtours.com\/\/wp-content\/uploads\/2023\/06\/Palma-y-Valldemossa.jpg","articleSection":["Guided tours in Palma de Mallorca"],"inLanguage":"en-US","potentialAction":[{"@type":"CommentAction","name":"Comment","target":["https:\/\/mallorcapremiumtours.com\/en\/blog\/mallorca-in-3-days\/#respond"]}]},{"@type":"WebPage","@id":"https:\/\/mallorcapremiumtours.com\/en\/blog\/mallorca-in-3-days\/","url":"https:\/\/mallorcapremiumtours.com\/en\/blog\/mallorca-in-3-days\/","name":"what to see in Mallorca in 3 days | Mallorca Premium Tours","isPartOf":{"@id":"https:\/\/mallorcapremiumtours.com\/#website"},"primaryImageOfPage":{"@id":"https:\/\/mallorcapremiumtours.com\/en\/blog\/mallorca-in-3-days\/#primaryimage"},"image":{"@id":"https:\/\/mallorcapremiumtours.com\/en\/blog\/mallorca-in-3-days\/#primaryimage"},"thumbnailUrl":"https:\/\/mallorcapremiumtours.com\/\/wp-content\/uploads\/2023\/06\/Palma-y-Valldemossa.jpg","datePublished":"2023-09-20T09:06:57+00:00","dateModified":"2025-11-23T21:06:10+00:00","description":"What to see in Mallorca in 3 days. Prepare your getaway on the island of calm: Discover Palma, Valldemossa, S\u00f3ller and much more. \u260e+34 683 317192.","breadcrumb":{"@id":"https:\/\/mallorcapremiumtours.com\/en\/blog\/mallorca-in-3-days\/#breadcrumb"},"inLanguage":"en-US","potentialAction":[{"@type":"ReadAction","target":["https:\/\/mallorcapremiumtours.com\/en\/blog\/mallorca-in-3-days\/"]}]},{"@type":"ImageObject","inLanguage":"en-US","@id":"https:\/\/mallorcapremiumtours.com\/en\/blog\/mallorca-in-3-days\/#primaryimage","url":"https:\/\/mallorcapremiumtours.com\/\/wp-content\/uploads\/2023\/06\/Palma-y-Valldemossa.jpg","contentUrl":"https:\/\/mallorcapremiumtours.com\/\/wp-content\/uploads\/2023\/06\/Palma-y-Valldemossa.jpg","width":500,"height":400,"caption":"tour-privado-palma-y-valldemossa-4-horas"},{"@type":"BreadcrumbList","@id":"https:\/\/mallorcapremiumtours.com\/en\/blog\/mallorca-in-3-days\/#breadcrumb","itemListElement":[{"@type":"ListItem","position":1,"name":"Portada","item":"https:\/\/mallorcapremiumtours.com\/en\/"},{"@type":"ListItem","position":2,"name":"Mallorca in 3 days"}]},{"@type":"WebSite","@id":"https:\/\/mallorcapremiumtours.com\/#website","url":"https:\/\/mallorcapremiumtours.com\/","name":"Mallorca Premium Tours","description":"Tours y visitas guiadas privadas en Mallorca","publisher":{"@id":"https:\/\/mallorcapremiumtours.com\/#organization"},"potentialAction":[{"@type":"SearchAction","target":{"@type":"EntryPoint","urlTemplate":"https:\/\/mallorcapremiumtours.com\/?s={search_term_string}"},"query-input":{"@type":"PropertyValueSpecification","valueRequired":true,"valueName":"search_term_string"}}],"inLanguage":"en-US"},{"@type":"Organization","@id":"https:\/\/mallorcapremiumtours.com\/#organization","name":"Mallorca Premium Tours","url":"https:\/\/mallorcapremiumtours.com\/","logo":{"@type":"ImageObject","inLanguage":"en-US","@id":"https:\/\/mallorcapremiumtours.com\/#\/schema\/logo\/image\/","url":"https:\/\/mallorcapremiumtours.com\/\/wp-content\/uploads\/2023\/03\/Premium-tours-sin-fondo-reducida-ESP.png","contentUrl":"https:\/\/mallorcapremiumtours.com\/\/wp-content\/uploads\/2023\/03\/Premium-tours-sin-fondo-reducida-ESP.png","width":608,"height":608,"caption":"Mallorca Premium Tours"},"image":{"@id":"https:\/\/mallorcapremiumtours.com\/#\/schema\/logo\/image\/"},"sameAs":["https:\/\/www.facebook.com\/mallorcapremiumtours\/"]},{"@type":"Person","@id":"https:\/\/mallorcapremiumtours.com\/#\/schema\/person\/31375b66db75ecd59b1a01d3b9a26789","name":"admin","image":{"@type":"ImageObject","inLanguage":"en-US","@id":"https:\/\/secure.gravatar.com\/avatar\/6c360b62056484c7ef74b1996e188dcb4f1d4dd971cb37381c64e1b4df41692c?s=96&d=mm&r=g","url":"https:\/\/secure.gravatar.com\/avatar\/6c360b62056484c7ef74b1996e188dcb4f1d4dd971cb37381c64e1b4df41692c?s=96&d=mm&r=g","contentUrl":"https:\/\/secure.gravatar.com\/avatar\/6c360b62056484c7ef74b1996e188dcb4f1d4dd971cb37381c64e1b4df41692c?s=96&d=mm&r=g","caption":"admin"}}]}},"_links":{"self":[{"href":"https:\/\/mallorcapremiumtours.com\/en\/wp-json\/wp\/v2\/posts\/19323","targetHints":{"allow":["GET"]}}],"collection":[{"href":"https:\/\/mallorcapremiumtours.com\/en\/wp-json\/wp\/v2\/posts"}],"about":[{"href":"https:\/\/mallorcapremiumtours.com\/en\/wp-json\/wp\/v2\/types\/post"}],"author":[{"embeddable":true,"href":"https:\/\/mallorcapremiumtours.com\/en\/wp-json\/wp\/v2\/users\/1"}],"replies":[{"embeddable":true,"href":"https:\/\/mallorcapremiumtours.com\/en\/wp-json\/wp\/v2\/comments?post=19323"}],"version-history":[{"count":13,"href":"https:\/\/mallorcapremiumtours.com\/en\/wp-json\/wp\/v2\/posts\/19323\/revisions"}],"predecessor-version":[{"id":21318,"href":"https:\/\/mallorcapremiumtours.com\/en\/wp-json\/wp\/v2\/posts\/19323\/revisions\/21318"}],"wp:featuredmedia":[{"embeddable":true,"href":"https:\/\/mallorcapremiumtours.com\/en\/wp-json\/wp\/v2\/media\/18347"}],"wp:attachment":[{"href":"https:\/\/mallorcapremiumtours.com\/en\/wp-json\/wp\/v2\/media?parent=19323"}],"wp:term":[{"taxonomy":"category","embeddable":true,"href":"https:\/\/mallorcapremiumtours.com\/en\/wp-json\/wp\/v2\/categories?post=19323"},{"taxonomy":"post_tag","embeddable":true,"href":"https:\/\/mallorcapremiumtours.com\/en\/wp-json\/wp\/v2\/tags?post=19323"}],"curies":[{"name":"wp","href":"https:\/\/api.w.org\/{rel}","templated":true}]}}