{"id":7602,"date":"2020-07-05T11:35:24","date_gmt":"2020-07-05T11:35:24","guid":{"rendered":"https:\/\/tourteatro.com\/uncategorized\/rocky-castls-of-mallorca\/"},"modified":"2023-01-26T12:43:55","modified_gmt":"2023-01-26T12:43:55","slug":"rocky-castls-of-mallorca","status":"publish","type":"post","link":"https:\/\/mallorcapremiumtours.com\/en\/blog\/rocky-castls-of-mallorca\/","title":{"rendered":"Rocky castles of Mallorca"},"content":{"rendered":"\t\t<div data-elementor-type=\"wp-post\" data-elementor-id=\"7602\" class=\"elementor elementor-7602 elementor-7503\" data-elementor-post-type=\"post\">\n\t\t\t\t\t\t<section class=\"elementor-section elementor-top-section elementor-element elementor-element-82d758e elementor-section-stretched elementor-section-full_width elementor-section-height-default elementor-section-height-default\" data-id=\"82d758e\" data-element_type=\"section\" data-e-type=\"section\" data-settings=\"{&quot;stretch_section&quot;:&quot;section-stretched&quot;,&quot;background_background&quot;:&quot;classic&quot;}\">\n\t\t\t\t\t\t<div class=\"elementor-container elementor-column-gap-default\">\n\t\t\t\t\t<div class=\"elementor-column elementor-col-100 elementor-top-column elementor-element elementor-element-22f5dbda\" data-id=\"22f5dbda\" data-element_type=\"column\" data-e-type=\"column\">\n\t\t\t<div class=\"elementor-widget-wrap elementor-element-populated\">\n\t\t\t\t\t\t<div class=\"elementor-element elementor-element-6fac365f elementor--h-position-center elementor--v-position-middle elementor-arrows-position-inside elementor-pagination-position-inside elementor-widget elementor-widget-slides\" data-id=\"6fac365f\" data-element_type=\"widget\" data-e-type=\"widget\" data-settings=\"{&quot;navigation&quot;:&quot;both&quot;,&quot;autoplay&quot;:&quot;yes&quot;,&quot;pause_on_hover&quot;:&quot;yes&quot;,&quot;pause_on_interaction&quot;:&quot;yes&quot;,&quot;autoplay_speed&quot;:5000,&quot;infinite&quot;:&quot;yes&quot;,&quot;transition&quot;:&quot;slide&quot;,&quot;transition_speed&quot;:500}\" data-widget_type=\"slides.default\">\n\t\t\t\t<div class=\"elementor-widget-container\">\n\t\t\t\t\t\t\t\t\t<div class=\"elementor-swiper\">\n\t\t\t\t\t<div class=\"elementor-slides-wrapper elementor-main-swiper swiper\" role=\"region\" aria-roledescription=\"carousel\" aria-label=\"Slides\" dir=\"ltr\" data-animation=\"fadeInUp\">\n\t\t\t\t<div class=\"swiper-wrapper elementor-slides\">\n\t\t\t\t\t\t\t\t\t\t<div class=\"elementor-repeater-item-b97b1b7 swiper-slide\" role=\"group\" aria-roledescription=\"slide\"><div class=\"swiper-slide-bg\"><\/div><div class=\"swiper-slide-inner\" ><div class=\"swiper-slide-contents\"><div class=\"elementor-slide-heading\"><p>Curiosities of Mallorca<\/p><\/div><div class=\"elementor-slide-description\"><p>Rocky castles of Mallorca<\/p>\n<\/div><a href=\"https:\/\/mallorcapremiumtours.com\/en\/blog-mallorca-premium-tours\/\" class=\"elementor-button elementor-slide-button elementor-size-sm\">Back to Blog<\/a><\/div><\/div><\/div>\t\t\t\t<\/div>\n\t\t\t\t\t\t\t<\/div>\n\t\t\t\t<\/div>\n\t\t\t\t\t\t\t\t<\/div>\n\t\t\t\t<\/div>\n\t\t\t\t\t<\/div>\n\t\t<\/div>\n\t\t\t\t\t<\/div>\n\t\t<\/section>\n\t\t\t\t<section class=\"elementor-section elementor-top-section elementor-element elementor-element-2759bc2f elementor-section-stretched elementor-section-boxed elementor-section-height-default elementor-section-height-default\" data-id=\"2759bc2f\" data-element_type=\"section\" data-e-type=\"section\" data-settings=\"{&quot;stretch_section&quot;:&quot;section-stretched&quot;,&quot;background_background&quot;:&quot;classic&quot;}\">\n\t\t\t\t\t\t<div class=\"elementor-container elementor-column-gap-default\">\n\t\t\t\t\t<div class=\"elementor-column elementor-col-100 elementor-top-column elementor-element elementor-element-aa0558a\" data-id=\"aa0558a\" data-element_type=\"column\" data-e-type=\"column\">\n\t\t\t<div class=\"elementor-widget-wrap elementor-element-populated\">\n\t\t\t\t\t\t<div class=\"elementor-element elementor-element-535de15 elementor-share-buttons--view-icon elementor-share-buttons--shape-circle elementor-share-buttons--skin-gradient elementor-grid-0 elementor-share-buttons--color-official elementor-widget elementor-widget-share-buttons\" data-id=\"535de15\" data-element_type=\"widget\" data-e-type=\"widget\" data-widget_type=\"share-buttons.default\">\n\t\t\t\t<div class=\"elementor-widget-container\">\n\t\t\t\t\t\t\t<div class=\"elementor-grid\" role=\"list\">\n\t\t\t\t\t\t\t\t<div class=\"elementor-grid-item\" role=\"listitem\">\n\t\t\t\t\t\t<div class=\"elementor-share-btn elementor-share-btn_facebook\" role=\"button\" tabindex=\"0\" aria-label=\"Share on facebook\">\n\t\t\t\t\t\t\t\t\t\t\t\t\t\t\t<span class=\"elementor-share-btn__icon\">\n\t\t\t\t\t\t\t\t<i class=\"fab fa-facebook\" aria-hidden=\"true\"><\/i>\t\t\t\t\t\t\t<\/span>\n\t\t\t\t\t\t\t\t\t\t\t\t\t\t\t\t\t\t\t\t<\/div>\n\t\t\t\t\t<\/div>\n\t\t\t\t\t\t\t\t\t<div class=\"elementor-grid-item\" role=\"listitem\">\n\t\t\t\t\t\t<div class=\"elementor-share-btn elementor-share-btn_twitter\" role=\"button\" tabindex=\"0\" aria-label=\"Share on twitter\">\n\t\t\t\t\t\t\t\t\t\t\t\t\t\t\t<span class=\"elementor-share-btn__icon\">\n\t\t\t\t\t\t\t\t<i class=\"fab fa-twitter\" aria-hidden=\"true\"><\/i>\t\t\t\t\t\t\t<\/span>\n\t\t\t\t\t\t\t\t\t\t\t\t\t\t\t\t\t\t\t\t<\/div>\n\t\t\t\t\t<\/div>\n\t\t\t\t\t\t\t\t\t<div class=\"elementor-grid-item\" role=\"listitem\">\n\t\t\t\t\t\t<div class=\"elementor-share-btn elementor-share-btn_whatsapp\" role=\"button\" tabindex=\"0\" aria-label=\"Share on whatsapp\">\n\t\t\t\t\t\t\t\t\t\t\t\t\t\t\t<span class=\"elementor-share-btn__icon\">\n\t\t\t\t\t\t\t\t<i class=\"fab fa-whatsapp\" aria-hidden=\"true\"><\/i>\t\t\t\t\t\t\t<\/span>\n\t\t\t\t\t\t\t\t\t\t\t\t\t\t\t\t\t\t\t\t<\/div>\n\t\t\t\t\t<\/div>\n\t\t\t\t\t\t\t\t\t<div class=\"elementor-grid-item\" role=\"listitem\">\n\t\t\t\t\t\t<div class=\"elementor-share-btn elementor-share-btn_email\" role=\"button\" tabindex=\"0\" aria-label=\"Share on email\">\n\t\t\t\t\t\t\t\t\t\t\t\t\t\t\t<span class=\"elementor-share-btn__icon\">\n\t\t\t\t\t\t\t\t<i class=\"fas fa-envelope\" aria-hidden=\"true\"><\/i>\t\t\t\t\t\t\t<\/span>\n\t\t\t\t\t\t\t\t\t\t\t\t\t\t\t\t\t\t\t\t<\/div>\n\t\t\t\t\t<\/div>\n\t\t\t\t\t\t\t\t\t<div class=\"elementor-grid-item\" role=\"listitem\">\n\t\t\t\t\t\t<div class=\"elementor-share-btn elementor-share-btn_pinterest\" role=\"button\" tabindex=\"0\" aria-label=\"Share on pinterest\">\n\t\t\t\t\t\t\t\t\t\t\t\t\t\t\t<span class=\"elementor-share-btn__icon\">\n\t\t\t\t\t\t\t\t<i class=\"fab fa-pinterest\" aria-hidden=\"true\"><\/i>\t\t\t\t\t\t\t<\/span>\n\t\t\t\t\t\t\t\t\t\t\t\t\t\t\t\t\t\t\t\t<\/div>\n\t\t\t\t\t<\/div>\n\t\t\t\t\t\t<\/div>\n\t\t\t\t\t\t<\/div>\n\t\t\t\t<\/div>\n\t\t\t\t\t<\/div>\n\t\t<\/div>\n\t\t\t\t\t<\/div>\n\t\t<\/section>\n\t\t\t\t<section class=\"elementor-section elementor-top-section elementor-element elementor-element-6aa21ad0 elementor-section-stretched elementor-section-boxed elementor-section-height-default elementor-section-height-default\" data-id=\"6aa21ad0\" data-element_type=\"section\" data-e-type=\"section\" data-settings=\"{&quot;stretch_section&quot;:&quot;section-stretched&quot;,&quot;background_background&quot;:&quot;classic&quot;}\">\n\t\t\t\t\t\t<div class=\"elementor-container elementor-column-gap-default\">\n\t\t\t\t\t<div class=\"elementor-column elementor-col-100 elementor-top-column elementor-element elementor-element-1fba8dd4\" data-id=\"1fba8dd4\" data-element_type=\"column\" data-e-type=\"column\">\n\t\t\t<div class=\"elementor-widget-wrap elementor-element-populated\">\n\t\t\t\t\t\t<div class=\"elementor-element elementor-element-6bfcdcaf elementor-post-navigation-borders-yes elementor-invisible elementor-widget elementor-widget-post-navigation\" data-id=\"6bfcdcaf\" data-element_type=\"widget\" data-e-type=\"widget\" data-settings=\"{&quot;_animation&quot;:&quot;zoomIn&quot;}\" data-widget_type=\"post-navigation.default\">\n\t\t\t\t<div class=\"elementor-widget-container\">\n\t\t\t\t\t\t\t<div class=\"elementor-post-navigation\" role=\"navigation\" aria-label=\"Post Navigation\">\n\t\t\t<div class=\"elementor-post-navigation__prev elementor-post-navigation__link\">\n\t\t\t\t<a href=\"https:\/\/mallorcapremiumtours.com\/en\/blog\/quintus-cecilius-metellus\/\" rel=\"prev\"><span class=\"post-navigation__arrow-wrapper post-navigation__arrow-prev\"><i aria-hidden=\"true\" class=\"fas fa-angle-left\"><\/i><span class=\"elementor-screen-only\">Prev<\/span><\/span><span class=\"elementor-post-navigation__link__prev\"><span class=\"post-navigation__prev--label\">Previous<\/span><span class=\"post-navigation__prev--title\">Quintus Cecilius Metellus<\/span><\/span><\/a>\t\t\t<\/div>\n\t\t\t\t\t\t\t<div class=\"elementor-post-navigation__separator-wrapper\">\n\t\t\t\t\t<div class=\"elementor-post-navigation__separator\"><\/div>\n\t\t\t\t<\/div>\n\t\t\t\t\t\t<div class=\"elementor-post-navigation__next elementor-post-navigation__link\">\n\t\t\t\t<a href=\"https:\/\/mallorcapremiumtours.com\/en\/blog\/corsairs-and-pirates\/\" rel=\"next\"><span class=\"elementor-post-navigation__link__next\"><span class=\"post-navigation__next--label\">Next<\/span><span class=\"post-navigation__next--title\">Corsairs and pirates<\/span><\/span><span class=\"post-navigation__arrow-wrapper post-navigation__arrow-next\"><i aria-hidden=\"true\" class=\"fas fa-angle-right\"><\/i><span class=\"elementor-screen-only\">Next<\/span><\/span><\/a>\t\t\t<\/div>\n\t\t<\/div>\n\t\t\t\t\t\t<\/div>\n\t\t\t\t<\/div>\n\t\t\t\t\t<\/div>\n\t\t<\/div>\n\t\t\t\t\t<\/div>\n\t\t<\/section>\n\t\t\t\t<section class=\"elementor-section elementor-top-section elementor-element elementor-element-7ff793b2 elementor-section-stretched elementor-section-full_width elementor-section-height-default elementor-section-height-default\" data-id=\"7ff793b2\" data-element_type=\"section\" data-e-type=\"section\" data-settings=\"{&quot;stretch_section&quot;:&quot;section-stretched&quot;,&quot;background_background&quot;:&quot;classic&quot;}\">\n\t\t\t\t\t\t<div class=\"elementor-container elementor-column-gap-default\">\n\t\t\t\t\t<div class=\"elementor-column elementor-col-100 elementor-top-column elementor-element elementor-element-12ed0685\" data-id=\"12ed0685\" data-element_type=\"column\" data-e-type=\"column\">\n\t\t\t<div class=\"elementor-widget-wrap elementor-element-populated\">\n\t\t\t\t\t\t<section class=\"elementor-section elementor-inner-section elementor-element elementor-element-527cc0a3 elementor-section-boxed elementor-section-height-default elementor-section-height-default\" data-id=\"527cc0a3\" data-element_type=\"section\" data-e-type=\"section\">\n\t\t\t\t\t\t<div class=\"elementor-container elementor-column-gap-default\">\n\t\t\t\t\t<div class=\"elementor-column elementor-col-50 elementor-inner-column elementor-element elementor-element-25e3fb53\" data-id=\"25e3fb53\" data-element_type=\"column\" data-e-type=\"column\">\n\t\t\t<div class=\"elementor-widget-wrap elementor-element-populated\">\n\t\t\t\t\t\t<div class=\"elementor-element elementor-element-80bd0bf elementor-widget elementor-widget-heading\" data-id=\"80bd0bf\" data-element_type=\"widget\" data-e-type=\"widget\" data-widget_type=\"heading.default\">\n\t\t\t\t<div class=\"elementor-widget-container\">\n\t\t\t\t\t<h1 class=\"elementor-heading-title elementor-size-default\">The rocky castles of Mallorca<\/h1>\t\t\t\t<\/div>\n\t\t\t\t<\/div>\n\t\t\t\t<div class=\"elementor-element elementor-element-6419d49e elementor-widget elementor-widget-text-editor\" data-id=\"6419d49e\" data-element_type=\"widget\" data-e-type=\"widget\" data-widget_type=\"text-editor.default\">\n\t\t\t\t<div class=\"elementor-widget-container\">\n\t\t\t\t\t\t\t\t\t<p><strong>Mallorca<\/strong>, due to its privileged location in the Mediterranean, has always been a significant strategic enclave, especially for <strong>trade routes<\/strong>. But this position has turned it into a zone of constant <strong>pirate attacks, incursions and conquests<\/strong> by neighbouring communities and countries.<\/p>\n<p>Therefore, one of the goals of the Government has been the defence and protection of Mallorca and its inhabitants.<br \/>\nIn that way, the<strong><em> Castells Roquers<\/em> (the rocky castles)<\/strong> appeared.<\/p>\n\t\t\t\t\t\t\t\t<\/div>\n\t\t\t\t<\/div>\n\t\t\t\t\t<\/div>\n\t\t<\/div>\n\t\t\t\t<div class=\"elementor-column elementor-col-50 elementor-inner-column elementor-element elementor-element-6c455944\" data-id=\"6c455944\" data-element_type=\"column\" data-e-type=\"column\">\n\t\t\t<div class=\"elementor-widget-wrap elementor-element-populated\">\n\t\t\t\t\t\t<div class=\"elementor-element elementor-element-57cfe2bf elementor-invisible elementor-widget elementor-widget-wp-widget-recent-posts\" data-id=\"57cfe2bf\" data-element_type=\"widget\" data-e-type=\"widget\" data-settings=\"{&quot;_animation&quot;:&quot;zoomIn&quot;}\" data-widget_type=\"wp-widget-recent-posts.default\">\n\t\t\t\t<div class=\"elementor-widget-container\">\n\t\t\t\t\t\n\t\t\n\t\t<h5>Entradas recientes<\/h5>\n\t\t<ul>\n\t\t\t\t\t\t\t\t\t\t\t<li>\n\t\t\t\t\t<a href=\"https:\/\/mallorcapremiumtours.com\/en\/blog\/secret-palma-discover-its-history-with-a-private-guide-among-courtyards-legends-and-the-cathedral-of-the-sea\/\">Secret Palma: discover its history with a private guide among courtyards, legends and the cathedral of the sea<\/a>\n\t\t\t\t\t\t\t\t\t<\/li>\n\t\t\t\t\t\t\t\t\t\t\t<li>\n\t\t\t\t\t<a href=\"https:\/\/mallorcapremiumtours.com\/en\/blog\/the-7-best-private-tours-in-mallorca-in-2025-two-must-try-experiences-by-mallorca-premium-tours\/\">Top 7 private tours in Mallorca in 2025: two must-sees from Mallorca Premium Tours<\/a>\n\t\t\t\t\t\t\t\t\t<\/li>\n\t\t\t\t\t\t\t\t\t\t\t<li>\n\t\t\t\t\t<a href=\"https:\/\/mallorcapremiumtours.com\/en\/blog\/craftsmanship-in-mallorca\/\">Craftsmanship in Mallorca<\/a>\n\t\t\t\t\t\t\t\t\t<\/li>\n\t\t\t\t\t\t\t\t\t\t\t<li>\n\t\t\t\t\t<a href=\"https:\/\/mallorcapremiumtours.com\/en\/blog\/christmas-in-mallorca\/\">Christmas in Mallorca<\/a>\n\t\t\t\t\t\t\t\t\t<\/li>\n\t\t\t\t\t\t\t\t\t\t\t<li>\n\t\t\t\t\t<a href=\"https:\/\/mallorcapremiumtours.com\/en\/blog\/mallorca-in-3-days\/\">Mallorca in 3 days<\/a>\n\t\t\t\t\t\t\t\t\t<\/li>\n\t\t\t\t\t<\/ul>\n\n\t\t\t\t\t\t<\/div>\n\t\t\t\t<\/div>\n\t\t\t\t\t<\/div>\n\t\t<\/div>\n\t\t\t\t\t<\/div>\n\t\t<\/section>\n\t\t\t\t\t<\/div>\n\t\t<\/div>\n\t\t\t\t\t<\/div>\n\t\t<\/section>\n\t\t\t\t<section class=\"elementor-section elementor-top-section elementor-element elementor-element-5def5d2f elementor-section-stretched elementor-section-full_width elementor-section-height-default elementor-section-height-default\" data-id=\"5def5d2f\" data-element_type=\"section\" data-e-type=\"section\" data-settings=\"{&quot;stretch_section&quot;:&quot;section-stretched&quot;,&quot;background_background&quot;:&quot;classic&quot;}\">\n\t\t\t\t\t\t<div class=\"elementor-container elementor-column-gap-default\">\n\t\t\t\t\t<div class=\"elementor-column elementor-col-100 elementor-top-column elementor-element elementor-element-eff70e3\" data-id=\"eff70e3\" data-element_type=\"column\" data-e-type=\"column\">\n\t\t\t<div class=\"elementor-widget-wrap elementor-element-populated\">\n\t\t\t\t\t\t<section class=\"elementor-section elementor-inner-section elementor-element elementor-element-3aa8bad6 elementor-section-boxed elementor-section-height-default elementor-section-height-default\" data-id=\"3aa8bad6\" data-element_type=\"section\" data-e-type=\"section\">\n\t\t\t\t\t\t<div class=\"elementor-container elementor-column-gap-default\">\n\t\t\t\t\t<div class=\"elementor-column elementor-col-50 elementor-inner-column elementor-element elementor-element-3379dce4\" data-id=\"3379dce4\" data-element_type=\"column\" data-e-type=\"column\">\n\t\t\t<div class=\"elementor-widget-wrap elementor-element-populated\">\n\t\t\t\t\t\t<div class=\"elementor-element elementor-element-9335cf3 elementor-invisible elementor-widget elementor-widget-image\" data-id=\"9335cf3\" data-element_type=\"widget\" data-e-type=\"widget\" data-settings=\"{&quot;_animation&quot;:&quot;zoomIn&quot;}\" data-widget_type=\"image.default\">\n\t\t\t\t<div class=\"elementor-widget-container\">\n\t\t\t\t\t\t\t\t\t\t\t\t<figure class=\"wp-caption\">\n\t\t\t\t\t\t\t\t\t\t<img decoding=\"async\" width=\"768\" height=\"576\" data-src=\"https:\/\/mallorcapremiumtours.com\/\/wp-content\/uploads\/2020\/06\/100_1701-768x576.jpg\" class=\"attachment-medium_large size-medium_large wp-image-7505 lazyload\" alt=\"rock castles\" data-srcset=\"https:\/\/mallorcapremiumtours.com\/\/wp-content\/uploads\/2020\/06\/100_1701-768x576.jpg 768w, https:\/\/mallorcapremiumtours.com\/\/wp-content\/uploads\/2020\/06\/100_1701-300x225.jpg 300w, https:\/\/mallorcapremiumtours.com\/\/wp-content\/uploads\/2020\/06\/100_1701-1024x768.jpg 1024w, https:\/\/mallorcapremiumtours.com\/\/wp-content\/uploads\/2020\/06\/100_1701-1536x1152.jpg 1536w, https:\/\/mallorcapremiumtours.com\/\/wp-content\/uploads\/2020\/06\/100_1701-2048x1536.jpg 2048w\" data-sizes=\"(max-width: 768px) 100vw, 768px\" src=\"data:image\/svg+xml;base64,PHN2ZyB3aWR0aD0iMSIgaGVpZ2h0PSIxIiB4bWxucz0iaHR0cDovL3d3dy53My5vcmcvMjAwMC9zdmciPjwvc3ZnPg==\" style=\"--smush-placeholder-width: 768px; --smush-placeholder-aspect-ratio: 768\/576;\" \/>\t\t\t\t\t\t\t\t\t\t\t<figcaption class=\"widget-image-caption wp-caption-text\">Santueri Castle (Felanitx)<\/figcaption>\n\t\t\t\t\t\t\t\t\t\t<\/figure>\n\t\t\t\t\t\t\t\t\t<\/div>\n\t\t\t\t<\/div>\n\t\t\t\t\t<\/div>\n\t\t<\/div>\n\t\t\t\t<div class=\"elementor-column elementor-col-50 elementor-inner-column elementor-element elementor-element-1a83e253\" data-id=\"1a83e253\" data-element_type=\"column\" data-e-type=\"column\">\n\t\t\t<div class=\"elementor-widget-wrap elementor-element-populated\">\n\t\t\t\t\t\t<div class=\"elementor-element elementor-element-a356551 elementor-widget elementor-widget-wp-widget-categories\" data-id=\"a356551\" data-element_type=\"widget\" data-e-type=\"widget\" data-widget_type=\"wp-widget-categories.default\">\n\t\t\t\t<div class=\"elementor-widget-container\">\n\t\t\t\t\t<h5>Categories<\/h5>\n\t\t\t<ul>\n\t\t\t\t\t<li class=\"cat-item cat-item-39\"><a href=\"https:\/\/mallorcapremiumtours.com\/en\/blog\/categoria\/ancient-trades-of-mallorca\/\">Ancient trades of Mallorca<\/a> (3)\n<\/li>\n\t<li class=\"cat-item cat-item-36\"><a href=\"https:\/\/mallorcapremiumtours.com\/en\/blog\/categoria\/curiosities-of-mallorca\/\">Curiosities of Mallorca<\/a> (9)\n<\/li>\n\t<li class=\"cat-item cat-item-45\"><a href=\"https:\/\/mallorcapremiumtours.com\/en\/blog\/categoria\/guided-tours-in-palma-de-mallorca\/\">Guided tours in Palma de Mallorca<\/a> (5)\n<\/li>\n\t<li class=\"cat-item cat-item-54\"><a href=\"https:\/\/mallorcapremiumtours.com\/en\/blog\/categoria\/legends-of-palma\/\">legends of Palma<\/a> (3)\n<\/li>\n\t<li class=\"cat-item cat-item-60\"><a href=\"https:\/\/mallorcapremiumtours.com\/en\/blog\/categoria\/mallorca-characters\/\">Mallorca characters<\/a> (2)\n<\/li>\n\t<li class=\"cat-item cat-item-43\"><a href=\"https:\/\/mallorcapremiumtours.com\/en\/blog\/categoria\/mallorcan-expressions\/\">Mallorcan expressions<\/a> (1)\n<\/li>\n\t<li class=\"cat-item cat-item-47\"><a href=\"https:\/\/mallorcapremiumtours.com\/en\/blog\/categoria\/official-tour-guides-in-mallorca\/\">Official Tour Guides in Mallorca<\/a> (1)\n<\/li>\n\t<li class=\"cat-item cat-item-104\"><a href=\"https:\/\/mallorcapremiumtours.com\/en\/blog\/categoria\/plans-and-events-in-mallorca\/\">Plans and events in Mallorca<\/a> (4)\n<\/li>\n\t<li class=\"cat-item cat-item-32\"><a href=\"https:\/\/mallorcapremiumtours.com\/en\/blog\/categoria\/tour-teatro-en\/\">Tour Teatro<\/a> (1)\n<\/li>\n\t<li class=\"cat-item cat-item-42\"><a href=\"https:\/\/mallorcapremiumtours.com\/en\/blog\/categoria\/what-to-do-in-palma-de-mallorca\/\">What to do in Palma de Mallorca<\/a> (4)\n<\/li>\n\t\t\t<\/ul>\n\n\t\t\t\t\t\t\t<\/div>\n\t\t\t\t<\/div>\n\t\t\t\t\t<\/div>\n\t\t<\/div>\n\t\t\t\t\t<\/div>\n\t\t<\/section>\n\t\t\t\t\t<\/div>\n\t\t<\/div>\n\t\t\t\t\t<\/div>\n\t\t<\/section>\n\t\t\t\t<section class=\"elementor-section elementor-top-section elementor-element elementor-element-08d82f5 elementor-section-boxed elementor-section-height-default elementor-section-height-default\" data-id=\"08d82f5\" data-element_type=\"section\" data-e-type=\"section\" data-settings=\"{&quot;background_background&quot;:&quot;classic&quot;}\">\n\t\t\t\t\t\t<div class=\"elementor-container elementor-column-gap-default\">\n\t\t\t\t\t<div class=\"elementor-column elementor-col-100 elementor-top-column elementor-element elementor-element-470f1aa\" data-id=\"470f1aa\" data-element_type=\"column\" data-e-type=\"column\">\n\t\t\t<div class=\"elementor-widget-wrap elementor-element-populated\">\n\t\t\t\t\t\t<div class=\"elementor-element elementor-element-fc39990 elementor-widget elementor-widget-heading\" data-id=\"fc39990\" data-element_type=\"widget\" data-e-type=\"widget\" data-widget_type=\"heading.default\">\n\t\t\t\t<div class=\"elementor-widget-container\">\n\t\t\t\t\t<h2 class=\"elementor-heading-title elementor-size-default\">The Rocky Castles and fortresses of Mallorca<\/h2>\t\t\t\t<\/div>\n\t\t\t\t<\/div>\n\t\t\t\t<div class=\"elementor-element elementor-element-8400c48 elementor-widget elementor-widget-text-editor\" data-id=\"8400c48\" data-element_type=\"widget\" data-e-type=\"widget\" data-widget_type=\"text-editor.default\">\n\t\t\t\t<div class=\"elementor-widget-container\">\n\t\t\t\t\t\t\t\t\t<p>The <strong>castles of Santueri (Felanitx), Alar\u00f3 and del Rei (Pollen\u00e7a)<\/strong> are great examples within the typology of <strong>topographic fortresses<\/strong>. These fortresses are large defensive structures located in rugged areas and on high and strategic peaks from where you can control large areas of territory and sea. At the same time, make it difficult to access the enemy.<\/p><p>They are fortified buildings with two purposes: first, they were<strong> surveillance spaces<\/strong>, from where were controlled the interior of the island and the sea. And secondly, they were spaces <strong>where the inhabitants of the surroundings took refuge to protect themselves<\/strong> from dangers, mainly from pirate and corsair attacks. Inside you could find areas of houses, large water reservoirs, pasture areas and orchards to supply the population.<\/p>\t\t\t\t\t\t\t\t<\/div>\n\t\t\t\t<\/div>\n\t\t\t\t<div class=\"elementor-element elementor-element-a47070f elementor-invisible elementor-widget elementor-widget-image\" data-id=\"a47070f\" data-element_type=\"widget\" data-e-type=\"widget\" data-settings=\"{&quot;_animation&quot;:&quot;zoomIn&quot;}\" data-widget_type=\"image.default\">\n\t\t\t\t<div class=\"elementor-widget-container\">\n\t\t\t\t\t\t\t\t\t\t\t\t<figure class=\"wp-caption\">\n\t\t\t\t\t\t\t\t\t\t<img decoding=\"async\" width=\"768\" height=\"576\" data-src=\"https:\/\/mallorcapremiumtours.com\/\/wp-content\/uploads\/2020\/06\/100_5162-768x576.jpg\" class=\"attachment-medium_large size-medium_large wp-image-7509 lazyload\" alt=\"Castell alar\u00e7o\" data-srcset=\"https:\/\/mallorcapremiumtours.com\/\/wp-content\/uploads\/2020\/06\/100_5162-768x576.jpg 768w, https:\/\/mallorcapremiumtours.com\/\/wp-content\/uploads\/2020\/06\/100_5162-300x225.jpg 300w, https:\/\/mallorcapremiumtours.com\/\/wp-content\/uploads\/2020\/06\/100_5162-1024x768.jpg 1024w, https:\/\/mallorcapremiumtours.com\/\/wp-content\/uploads\/2020\/06\/100_5162-1536x1152.jpg 1536w, https:\/\/mallorcapremiumtours.com\/\/wp-content\/uploads\/2020\/06\/100_5162-2048x1536.jpg 2048w\" data-sizes=\"(max-width: 768px) 100vw, 768px\" src=\"data:image\/svg+xml;base64,PHN2ZyB3aWR0aD0iMSIgaGVpZ2h0PSIxIiB4bWxucz0iaHR0cDovL3d3dy53My5vcmcvMjAwMC9zdmciPjwvc3ZnPg==\" style=\"--smush-placeholder-width: 768px; --smush-placeholder-aspect-ratio: 768\/576;\" \/>\t\t\t\t\t\t\t\t\t\t\t<figcaption class=\"widget-image-caption wp-caption-text\">Views from the castle of Alar\u00f3<\/figcaption>\n\t\t\t\t\t\t\t\t\t\t<\/figure>\n\t\t\t\t\t\t\t\t\t<\/div>\n\t\t\t\t<\/div>\n\t\t\t\t\t<\/div>\n\t\t<\/div>\n\t\t\t\t\t<\/div>\n\t\t<\/section>\n\t\t\t\t<section class=\"elementor-section elementor-top-section elementor-element elementor-element-af9bdc9 elementor-section-boxed elementor-section-height-default elementor-section-height-default\" data-id=\"af9bdc9\" data-element_type=\"section\" data-e-type=\"section\" data-settings=\"{&quot;background_background&quot;:&quot;classic&quot;}\">\n\t\t\t\t\t\t<div class=\"elementor-container elementor-column-gap-default\">\n\t\t\t\t\t<div class=\"elementor-column elementor-col-100 elementor-top-column elementor-element elementor-element-832c5cf\" data-id=\"832c5cf\" data-element_type=\"column\" data-e-type=\"column\">\n\t\t\t<div class=\"elementor-widget-wrap elementor-element-populated\">\n\t\t\t\t\t\t<div class=\"elementor-element elementor-element-b52200e elementor-widget elementor-widget-text-editor\" data-id=\"b52200e\" data-element_type=\"widget\" data-e-type=\"widget\" data-widget_type=\"text-editor.default\">\n\t\t\t\t<div class=\"elementor-widget-container\">\n\t\t\t\t\t\t\t\t\t<p>They are castles linked to rural communities, but with some state presence (a warden and a military garrison). They have nothing to do with medieval European castles, associated with the nobility and aristocracy, of a feudal nature.<\/p><p>Despite having a somewhat uncertain origin, some archaeological remains have allowed us to think that in prehistoric times these enclaves were inhabited or frequented by the inhabitants of the area; and also during Roman times. Already in later times, <strong>they were converted into real fortified and expanded enclosures<\/strong>, especially in the Muslim era.<\/p>\t\t\t\t\t\t\t\t<\/div>\n\t\t\t\t<\/div>\n\t\t\t\t\t<\/div>\n\t\t<\/div>\n\t\t\t\t\t<\/div>\n\t\t<\/section>\n\t\t\t\t<section class=\"elementor-section elementor-top-section elementor-element elementor-element-4e17509 elementor-section-boxed elementor-section-height-default elementor-section-height-default\" data-id=\"4e17509\" data-element_type=\"section\" data-e-type=\"section\" data-settings=\"{&quot;background_background&quot;:&quot;classic&quot;}\">\n\t\t\t\t\t\t<div class=\"elementor-container elementor-column-gap-default\">\n\t\t\t\t\t<div class=\"elementor-column elementor-col-100 elementor-top-column elementor-element elementor-element-f139cba\" data-id=\"f139cba\" data-element_type=\"column\" data-e-type=\"column\">\n\t\t\t<div class=\"elementor-widget-wrap elementor-element-populated\">\n\t\t\t\t\t\t<div class=\"elementor-element elementor-element-faf7808 elementor-widget elementor-widget-heading\" data-id=\"faf7808\" data-element_type=\"widget\" data-e-type=\"widget\" data-widget_type=\"heading.default\">\n\t\t\t\t<div class=\"elementor-widget-container\">\n\t\t\t\t\t<h2 class=\"elementor-heading-title elementor-size-default\">The Alar\u00f3 Castle<\/h2>\t\t\t\t<\/div>\n\t\t\t\t<\/div>\n\t\t\t\t<div class=\"elementor-element elementor-element-a846594 elementor-widget elementor-widget-text-editor\" data-id=\"a846594\" data-element_type=\"widget\" data-e-type=\"widget\" data-widget_type=\"text-editor.default\">\n\t\t\t\t<div class=\"elementor-widget-container\">\n\t\t\t\t\t\t\t\t\t<p>Located in the <strong>Puig d&#8217;Alar\u00f3<\/strong> at 822 meters, from the <a href=\"http:\/\/www.castellalaro.cat\/en\/home\/\" target=\"_blank\" rel=\"noopener\">Castell d&#8217;Alar\u00f3<\/a> you can see a large part of the Pla de Mallorca and a large part of the maritime area from the bay of Alcudia to that of Palma.<\/p><p>It is the first castle that appears mentioned in the sources, more specifically in a document by the geographer al-Zuhri (12th century):<\/p><p><em>[&#8230;] the people of May\u1fe1rqa say when the Omayyad troops of the conqueror arrived in May\u1fe1rqa in the 10th century, the rum locked themselves up and made forts on top of a mountain (hisn Alar\u1fe1n) and resisted eight years and five months.[&#8230;]<\/em><\/p><p>Then, there already was some type of fortified refuge for the inhabitants of Mallorca before the Muslim conquest (902-903).<br \/>Over the years, this castle was occupied and <strong>transformed by Muslims first, and Christians later<\/strong>. Its location allows that only one of the sides must properly fortify and that is where the access is made.<\/p>\t\t\t\t\t\t\t\t<\/div>\n\t\t\t\t<\/div>\n\t\t\t\t<section class=\"elementor-section elementor-inner-section elementor-element elementor-element-839547a elementor-section-boxed elementor-section-height-default elementor-section-height-default\" data-id=\"839547a\" data-element_type=\"section\" data-e-type=\"section\">\n\t\t\t\t\t\t<div class=\"elementor-container elementor-column-gap-default\">\n\t\t\t\t\t<div class=\"elementor-column elementor-col-33 elementor-inner-column elementor-element elementor-element-14d3c87\" data-id=\"14d3c87\" data-element_type=\"column\" data-e-type=\"column\">\n\t\t\t<div class=\"elementor-widget-wrap elementor-element-populated\">\n\t\t\t\t\t\t<div class=\"elementor-element elementor-element-406ec11 elementor-widget elementor-widget-image\" data-id=\"406ec11\" data-element_type=\"widget\" data-e-type=\"widget\" data-widget_type=\"image.default\">\n\t\t\t\t<div class=\"elementor-widget-container\">\n\t\t\t\t\t\t\t\t\t\t\t\t<figure class=\"wp-caption\">\n\t\t\t\t\t\t\t\t\t\t<img decoding=\"async\" width=\"768\" height=\"1024\" data-src=\"https:\/\/mallorcapremiumtours.com\/\/wp-content\/uploads\/2020\/06\/100_5144-768x1024.jpg\" class=\"elementor-animation-grow attachment-medium_large size-medium_large wp-image-7515 lazyload\" alt=\"rock castles of Mallorca\" data-srcset=\"https:\/\/mallorcapremiumtours.com\/\/wp-content\/uploads\/2020\/06\/100_5144-768x1024.jpg 768w, https:\/\/mallorcapremiumtours.com\/\/wp-content\/uploads\/2020\/06\/100_5144-225x300.jpg 225w, https:\/\/mallorcapremiumtours.com\/\/wp-content\/uploads\/2020\/06\/100_5144-1152x1536.jpg 1152w, https:\/\/mallorcapremiumtours.com\/\/wp-content\/uploads\/2020\/06\/100_5144-1536x2048.jpg 1536w, https:\/\/mallorcapremiumtours.com\/\/wp-content\/uploads\/2020\/06\/100_5144-scaled.jpg 1920w\" data-sizes=\"(max-width: 768px) 100vw, 768px\" src=\"data:image\/svg+xml;base64,PHN2ZyB3aWR0aD0iMSIgaGVpZ2h0PSIxIiB4bWxucz0iaHR0cDovL3d3dy53My5vcmcvMjAwMC9zdmciPjwvc3ZnPg==\" style=\"--smush-placeholder-width: 768px; --smush-placeholder-aspect-ratio: 768\/1024;\" \/>\t\t\t\t\t\t\t\t\t\t\t<figcaption class=\"widget-image-caption wp-caption-text\"><\/figcaption>\n\t\t\t\t\t\t\t\t\t\t<\/figure>\n\t\t\t\t\t\t\t\t\t<\/div>\n\t\t\t\t<\/div>\n\t\t\t\t\t<\/div>\n\t\t<\/div>\n\t\t\t\t<div class=\"elementor-column elementor-col-33 elementor-inner-column elementor-element elementor-element-497017b\" data-id=\"497017b\" data-element_type=\"column\" data-e-type=\"column\">\n\t\t\t<div class=\"elementor-widget-wrap elementor-element-populated\">\n\t\t\t\t\t\t<div class=\"elementor-element elementor-element-053533b elementor-widget elementor-widget-image\" data-id=\"053533b\" data-element_type=\"widget\" data-e-type=\"widget\" data-widget_type=\"image.default\">\n\t\t\t\t<div class=\"elementor-widget-container\">\n\t\t\t\t\t\t\t\t\t\t\t\t<figure class=\"wp-caption\">\n\t\t\t\t\t\t\t\t\t\t<img decoding=\"async\" width=\"768\" height=\"1024\" data-src=\"https:\/\/mallorcapremiumtours.com\/\/wp-content\/uploads\/2020\/06\/100_5154-768x1024.jpg\" class=\"elementor-animation-grow attachment-medium_large size-medium_large wp-image-7518 lazyload\" alt=\"rock castles of Mallorca\" data-srcset=\"https:\/\/mallorcapremiumtours.com\/\/wp-content\/uploads\/2020\/06\/100_5154-768x1024.jpg 768w, https:\/\/mallorcapremiumtours.com\/\/wp-content\/uploads\/2020\/06\/100_5154-225x300.jpg 225w, https:\/\/mallorcapremiumtours.com\/\/wp-content\/uploads\/2020\/06\/100_5154-1152x1536.jpg 1152w, https:\/\/mallorcapremiumtours.com\/\/wp-content\/uploads\/2020\/06\/100_5154-1536x2048.jpg 1536w, https:\/\/mallorcapremiumtours.com\/\/wp-content\/uploads\/2020\/06\/100_5154-scaled.jpg 1920w\" data-sizes=\"(max-width: 768px) 100vw, 768px\" src=\"data:image\/svg+xml;base64,PHN2ZyB3aWR0aD0iMSIgaGVpZ2h0PSIxIiB4bWxucz0iaHR0cDovL3d3dy53My5vcmcvMjAwMC9zdmciPjwvc3ZnPg==\" style=\"--smush-placeholder-width: 768px; --smush-placeholder-aspect-ratio: 768\/1024;\" \/>\t\t\t\t\t\t\t\t\t\t\t<figcaption class=\"widget-image-caption wp-caption-text\">Access and walls of Alar\u00f3 Castle<\/figcaption>\n\t\t\t\t\t\t\t\t\t\t<\/figure>\n\t\t\t\t\t\t\t\t\t<\/div>\n\t\t\t\t<\/div>\n\t\t\t\t\t<\/div>\n\t\t<\/div>\n\t\t\t\t<div class=\"elementor-column elementor-col-33 elementor-inner-column elementor-element elementor-element-19ef010\" data-id=\"19ef010\" data-element_type=\"column\" data-e-type=\"column\">\n\t\t\t<div class=\"elementor-widget-wrap elementor-element-populated\">\n\t\t\t\t\t\t<div class=\"elementor-element elementor-element-c6fcb8a elementor-widget elementor-widget-image\" data-id=\"c6fcb8a\" data-element_type=\"widget\" data-e-type=\"widget\" data-widget_type=\"image.default\">\n\t\t\t\t<div class=\"elementor-widget-container\">\n\t\t\t\t\t\t\t\t\t\t\t\t<figure class=\"wp-caption\">\n\t\t\t\t\t\t\t\t\t\t<img decoding=\"async\" width=\"768\" height=\"576\" data-src=\"https:\/\/mallorcapremiumtours.com\/\/wp-content\/uploads\/2020\/07\/castillo-de-alaro-ING.jpg\" class=\"elementor-animation-grow attachment-medium_large size-medium_large wp-image-14021 lazyload\" alt=\"Views of the walls of Alar\u00f3 Castle in Mallorca\" data-srcset=\"https:\/\/mallorcapremiumtours.com\/\/wp-content\/uploads\/2020\/07\/castillo-de-alaro-ING.jpg 768w, https:\/\/mallorcapremiumtours.com\/\/wp-content\/uploads\/2020\/07\/castillo-de-alaro-ING-300x225.jpg 300w\" data-sizes=\"(max-width: 768px) 100vw, 768px\" src=\"data:image\/svg+xml;base64,PHN2ZyB3aWR0aD0iMSIgaGVpZ2h0PSIxIiB4bWxucz0iaHR0cDovL3d3dy53My5vcmcvMjAwMC9zdmciPjwvc3ZnPg==\" style=\"--smush-placeholder-width: 768px; --smush-placeholder-aspect-ratio: 768\/576;\" \/>\t\t\t\t\t\t\t\t\t\t\t<figcaption class=\"widget-image-caption wp-caption-text\"><\/figcaption>\n\t\t\t\t\t\t\t\t\t\t<\/figure>\n\t\t\t\t\t\t\t\t\t<\/div>\n\t\t\t\t<\/div>\n\t\t\t\t\t<\/div>\n\t\t<\/div>\n\t\t\t\t\t<\/div>\n\t\t<\/section>\n\t\t\t\t<div class=\"elementor-element elementor-element-f2ba1e9 elementor-widget elementor-widget-text-editor\" data-id=\"f2ba1e9\" data-element_type=\"widget\" data-e-type=\"widget\" data-widget_type=\"text-editor.default\">\n\t\t\t\t<div class=\"elementor-widget-container\">\n\t\t\t\t\t\t\t\t\t<p>Besides it is in this castle where the famous <a href=\"http:\/\/www.castellalaro.cat\/es\/castillo\/#leyenda2\" target=\"_blank\" rel=\"noopener\"><strong>Guillem Cabrit and Guillem Bassa<\/strong><\/a>, supporters of Jaume II of Mallorca, fiercely opposed the troops of the King of Aragon, Alfons III the Liberal in 1285.<\/p>\n<p>During the 14th and 15th centuries, it was progressively abandoned, although it remained a military garrison until 1741. Also, since 1622, it had religious functions due to the construction of the <strong>oratory of the Mare de D\u00e9u del Refugi.<\/strong><\/p>\n\t\t\t\t\t\t\t\t<\/div>\n\t\t\t\t<\/div>\n\t\t\t\t<div class=\"elementor-element elementor-element-8f9b638 elementor-widget elementor-widget-spacer\" data-id=\"8f9b638\" data-element_type=\"widget\" data-e-type=\"widget\" data-widget_type=\"spacer.default\">\n\t\t\t\t<div class=\"elementor-widget-container\">\n\t\t\t\t\t\t\t<div class=\"elementor-spacer\">\n\t\t\t<div class=\"elementor-spacer-inner\"><\/div>\n\t\t<\/div>\n\t\t\t\t\t\t<\/div>\n\t\t\t\t<\/div>\n\t\t\t\t\t<\/div>\n\t\t<\/div>\n\t\t\t\t\t<\/div>\n\t\t<\/section>\n\t\t\t\t<section class=\"elementor-section elementor-top-section elementor-element elementor-element-43d12b7 elementor-section-boxed elementor-section-height-default elementor-section-height-default\" data-id=\"43d12b7\" data-element_type=\"section\" data-e-type=\"section\" data-settings=\"{&quot;background_background&quot;:&quot;classic&quot;}\">\n\t\t\t\t\t\t<div class=\"elementor-container elementor-column-gap-default\">\n\t\t\t\t\t<div class=\"elementor-column elementor-col-100 elementor-top-column elementor-element elementor-element-ab55b0f\" data-id=\"ab55b0f\" data-element_type=\"column\" data-e-type=\"column\">\n\t\t\t<div class=\"elementor-widget-wrap elementor-element-populated\">\n\t\t\t\t\t\t<div class=\"elementor-element elementor-element-6c518f0 elementor-widget elementor-widget-heading\" data-id=\"6c518f0\" data-element_type=\"widget\" data-e-type=\"widget\" data-widget_type=\"heading.default\">\n\t\t\t\t<div class=\"elementor-widget-container\">\n\t\t\t\t\t<h2 class=\"elementor-heading-title elementor-size-default\"> The Santueri Castle (Felanitx)<\/h2>\t\t\t\t<\/div>\n\t\t\t\t<\/div>\n\t\t\t\t<div class=\"elementor-element elementor-element-3d053bf elementor-widget elementor-widget-text-editor\" data-id=\"3d053bf\" data-element_type=\"widget\" data-e-type=\"widget\" data-widget_type=\"text-editor.default\">\n\t\t\t\t<div class=\"elementor-widget-container\">\n\t\t\t\t\t\t\t\t\t<p>Located 423 meters above sea level, the <a href=\"http:\/\/wm1681713.web-maker.es\/home\/en\/Santueri-Castle,-its-description\/\" target=\"_blank\" rel=\"noopener\">Castell de Santueri<\/a> perfectly controls the Mallorcan Levante coast.<\/p><p>This fortress existed in Muslim times and the Christian king Jaume I took it in <strong>1231<\/strong>. It passed into the hands of Count Nun\u00f3 San\u00e7, and at his death, it passed into the hands of King Jaume I.<\/p><p>During the years of the <em><strong>Germanies<\/strong> <\/em>(1521-1523, a social revolt, the artisans of Palma together with the population of the villages and towns against the monarchy, the elites and the Majorcan aristocracy) was the only one of the three castles that remained faithful to the monarch.<\/p><p>Also, during the 16th and 17th centuries, it was one of the most important reference areas of the island during the constant corsair and pirate invasions from North Africa.<\/p><p>However, centuries later, it was abandoned and in <strong>1811 it was auctioned and passed into private hands.<\/strong><\/p><p>The presence of graffiti on the walls of the main water cistern that represent the Christian fleet of Jaume I stands out, but currently, they cannot be seen.<\/p>\t\t\t\t\t\t\t\t<\/div>\n\t\t\t\t<\/div>\n\t\t\t\t<section class=\"elementor-section elementor-inner-section elementor-element elementor-element-6d19aa7 elementor-section-boxed elementor-section-height-default elementor-section-height-default\" data-id=\"6d19aa7\" data-element_type=\"section\" data-e-type=\"section\">\n\t\t\t\t\t\t<div class=\"elementor-container elementor-column-gap-default\">\n\t\t\t\t\t<div class=\"elementor-column elementor-col-33 elementor-inner-column elementor-element elementor-element-d698bb0\" data-id=\"d698bb0\" data-element_type=\"column\" data-e-type=\"column\">\n\t\t\t<div class=\"elementor-widget-wrap elementor-element-populated\">\n\t\t\t\t\t\t<div class=\"elementor-element elementor-element-03038f7 elementor-widget elementor-widget-image\" data-id=\"03038f7\" data-element_type=\"widget\" data-e-type=\"widget\" data-widget_type=\"image.default\">\n\t\t\t\t<div class=\"elementor-widget-container\">\n\t\t\t\t\t\t\t\t\t\t\t\t<figure class=\"wp-caption\">\n\t\t\t\t\t\t\t\t\t\t<img decoding=\"async\" width=\"768\" height=\"576\" data-src=\"https:\/\/mallorcapremiumtours.com\/\/wp-content\/uploads\/2020\/06\/DSCN5781-768x576.jpg\" class=\"elementor-animation-grow attachment-medium_large size-medium_large wp-image-7527 lazyload\" alt=\"castells roquers de mallorca\" data-srcset=\"https:\/\/mallorcapremiumtours.com\/\/wp-content\/uploads\/2020\/06\/DSCN5781-768x576.jpg 768w, https:\/\/mallorcapremiumtours.com\/\/wp-content\/uploads\/2020\/06\/DSCN5781-300x225.jpg 300w, https:\/\/mallorcapremiumtours.com\/\/wp-content\/uploads\/2020\/06\/DSCN5781-1024x768.jpg 1024w, https:\/\/mallorcapremiumtours.com\/\/wp-content\/uploads\/2020\/06\/DSCN5781-1536x1152.jpg 1536w, https:\/\/mallorcapremiumtours.com\/\/wp-content\/uploads\/2020\/06\/DSCN5781-2048x1536.jpg 2048w\" data-sizes=\"(max-width: 768px) 100vw, 768px\" src=\"data:image\/svg+xml;base64,PHN2ZyB3aWR0aD0iMSIgaGVpZ2h0PSIxIiB4bWxucz0iaHR0cDovL3d3dy53My5vcmcvMjAwMC9zdmciPjwvc3ZnPg==\" style=\"--smush-placeholder-width: 768px; --smush-placeholder-aspect-ratio: 768\/576;\" \/>\t\t\t\t\t\t\t\t\t\t\t<figcaption class=\"widget-image-caption wp-caption-text\">Access to Santueri Castle<\/figcaption>\n\t\t\t\t\t\t\t\t\t\t<\/figure>\n\t\t\t\t\t\t\t\t\t<\/div>\n\t\t\t\t<\/div>\n\t\t\t\t\t<\/div>\n\t\t<\/div>\n\t\t\t\t<div class=\"elementor-column elementor-col-33 elementor-inner-column elementor-element elementor-element-e4f3c26\" data-id=\"e4f3c26\" data-element_type=\"column\" data-e-type=\"column\">\n\t\t\t<div class=\"elementor-widget-wrap elementor-element-populated\">\n\t\t\t\t\t\t<div class=\"elementor-element elementor-element-67502d0 elementor-widget elementor-widget-image\" data-id=\"67502d0\" data-element_type=\"widget\" data-e-type=\"widget\" data-widget_type=\"image.default\">\n\t\t\t\t<div class=\"elementor-widget-container\">\n\t\t\t\t\t\t\t\t\t\t\t\t<figure class=\"wp-caption\">\n\t\t\t\t\t\t\t\t\t\t<img decoding=\"async\" width=\"768\" height=\"1024\" data-src=\"https:\/\/mallorcapremiumtours.com\/\/wp-content\/uploads\/2020\/06\/DSCN5776-768x1024.jpg\" class=\"elementor-animation-grow attachment-medium_large size-medium_large wp-image-7524 lazyload\" alt=\"castells roquers de Mallorca\" data-srcset=\"https:\/\/mallorcapremiumtours.com\/\/wp-content\/uploads\/2020\/06\/DSCN5776-768x1024.jpg 768w, https:\/\/mallorcapremiumtours.com\/\/wp-content\/uploads\/2020\/06\/DSCN5776-225x300.jpg 225w, https:\/\/mallorcapremiumtours.com\/\/wp-content\/uploads\/2020\/06\/DSCN5776-1152x1536.jpg 1152w, https:\/\/mallorcapremiumtours.com\/\/wp-content\/uploads\/2020\/06\/DSCN5776-1536x2048.jpg 1536w, https:\/\/mallorcapremiumtours.com\/\/wp-content\/uploads\/2020\/06\/DSCN5776.jpg 1920w\" data-sizes=\"(max-width: 768px) 100vw, 768px\" src=\"data:image\/svg+xml;base64,PHN2ZyB3aWR0aD0iMSIgaGVpZ2h0PSIxIiB4bWxucz0iaHR0cDovL3d3dy53My5vcmcvMjAwMC9zdmciPjwvc3ZnPg==\" style=\"--smush-placeholder-width: 768px; --smush-placeholder-aspect-ratio: 768\/1024;\" \/>\t\t\t\t\t\t\t\t\t\t\t<figcaption class=\"widget-image-caption wp-caption-text\">Second access to Santueri Castle<\/figcaption>\n\t\t\t\t\t\t\t\t\t\t<\/figure>\n\t\t\t\t\t\t\t\t\t<\/div>\n\t\t\t\t<\/div>\n\t\t\t\t\t<\/div>\n\t\t<\/div>\n\t\t\t\t<div class=\"elementor-column elementor-col-33 elementor-inner-column elementor-element elementor-element-f4348ee\" data-id=\"f4348ee\" data-element_type=\"column\" data-e-type=\"column\">\n\t\t\t<div class=\"elementor-widget-wrap elementor-element-populated\">\n\t\t\t\t\t\t<div class=\"elementor-element elementor-element-a456106 elementor-widget elementor-widget-image\" data-id=\"a456106\" data-element_type=\"widget\" data-e-type=\"widget\" data-widget_type=\"image.default\">\n\t\t\t\t<div class=\"elementor-widget-container\">\n\t\t\t\t\t\t\t\t\t\t\t\t<figure class=\"wp-caption\">\n\t\t\t\t\t\t\t\t\t\t<img decoding=\"async\" width=\"768\" height=\"576\" data-src=\"https:\/\/mallorcapremiumtours.com\/\/wp-content\/uploads\/2020\/07\/Castell-de-santueri-ING-768x576.jpg\" class=\"elementor-animation-grow attachment-medium_large size-medium_large wp-image-13840 lazyload\" alt=\"Castle of Santueri in Mallorca\" data-srcset=\"https:\/\/mallorcapremiumtours.com\/\/wp-content\/uploads\/2020\/07\/Castell-de-santueri-ING-768x576.jpg 768w, https:\/\/mallorcapremiumtours.com\/\/wp-content\/uploads\/2020\/07\/Castell-de-santueri-ING-300x225.jpg 300w, https:\/\/mallorcapremiumtours.com\/\/wp-content\/uploads\/2020\/07\/Castell-de-santueri-ING-1024x768.jpg 1024w, https:\/\/mallorcapremiumtours.com\/\/wp-content\/uploads\/2020\/07\/Castell-de-santueri-ING-1536x1152.jpg 1536w, https:\/\/mallorcapremiumtours.com\/\/wp-content\/uploads\/2020\/07\/Castell-de-santueri-ING-2048x1536.jpg 2048w\" data-sizes=\"(max-width: 768px) 100vw, 768px\" src=\"data:image\/svg+xml;base64,PHN2ZyB3aWR0aD0iMSIgaGVpZ2h0PSIxIiB4bWxucz0iaHR0cDovL3d3dy53My5vcmcvMjAwMC9zdmciPjwvc3ZnPg==\" style=\"--smush-placeholder-width: 768px; --smush-placeholder-aspect-ratio: 768\/576;\" \/>\t\t\t\t\t\t\t\t\t\t\t<figcaption class=\"widget-image-caption wp-caption-text\"><\/figcaption>\n\t\t\t\t\t\t\t\t\t\t<\/figure>\n\t\t\t\t\t\t\t\t\t<\/div>\n\t\t\t\t<\/div>\n\t\t\t\t\t<\/div>\n\t\t<\/div>\n\t\t\t\t\t<\/div>\n\t\t<\/section>\n\t\t\t\t\t<\/div>\n\t\t<\/div>\n\t\t\t\t\t<\/div>\n\t\t<\/section>\n\t\t\t\t<section class=\"elementor-section elementor-top-section elementor-element elementor-element-41107f3 elementor-section-boxed elementor-section-height-default elementor-section-height-default\" data-id=\"41107f3\" data-element_type=\"section\" data-e-type=\"section\" data-settings=\"{&quot;background_background&quot;:&quot;classic&quot;}\">\n\t\t\t\t\t\t<div class=\"elementor-container elementor-column-gap-default\">\n\t\t\t\t\t<div class=\"elementor-column elementor-col-100 elementor-top-column elementor-element elementor-element-c3d702b\" data-id=\"c3d702b\" data-element_type=\"column\" data-e-type=\"column\">\n\t\t\t<div class=\"elementor-widget-wrap elementor-element-populated\">\n\t\t\t\t\t\t<div class=\"elementor-element elementor-element-d19930a elementor-widget elementor-widget-heading\" data-id=\"d19930a\" data-element_type=\"widget\" data-e-type=\"widget\" data-widget_type=\"heading.default\">\n\t\t\t\t<div class=\"elementor-widget-container\">\n\t\t\t\t\t<h2 class=\"elementor-heading-title elementor-size-default\">El Rei Castle (Pollen\u00e7a)<\/h2>\t\t\t\t<\/div>\n\t\t\t\t<\/div>\n\t\t\t\t<div class=\"elementor-element elementor-element-fcba5bd elementor-widget elementor-widget-text-editor\" data-id=\"fcba5bd\" data-element_type=\"widget\" data-e-type=\"widget\" data-widget_type=\"text-editor.default\">\n\t\t\t\t<div class=\"elementor-widget-container\">\n\t\t\t\t\t\t\t\t\t<p>The <a href=\"http:\/\/www.serradetramuntana.net\/en\/heritage\/rocky_castles\/Castell_del_Rei\" target=\"_blank\" rel=\"noopener\">Castell del Rei<\/a> is located 476 meters high, from this site the north of the island is dominated.<\/p>\n<p>The difficulty of access to this castle could explain the lack of information and documentation. But it is believed that t<strong>he last Muslim resistance took place within its walls during the conquest of Jaume I<\/strong> since it was here that Ahmad ibn Ahmad al-Amiri, the last Cadi of Mallorca, died.<\/p>\n<p>Already in the 16th century, it was used as a <strong>lazaretto<\/strong> to house possible plague infections.<\/p>\n<p>The only thing we know of its interior architecture, thanks to some photographs from the 20th century, is a large Gothic room destroyed during the Spanish Civil War. This room, according to the plans of Archduke Luis Salvador, was rectangular with three sections separated by diaphragm arches.<\/p>\n\t\t\t\t\t\t\t\t<\/div>\n\t\t\t\t<\/div>\n\t\t\t\t<section class=\"elementor-section elementor-inner-section elementor-element elementor-element-94ac2f7 elementor-section-boxed elementor-section-height-default elementor-section-height-default\" data-id=\"94ac2f7\" data-element_type=\"section\" data-e-type=\"section\">\n\t\t\t\t\t\t<div class=\"elementor-container elementor-column-gap-default\">\n\t\t\t\t\t<div class=\"elementor-column elementor-col-100 elementor-inner-column elementor-element elementor-element-56fad93\" data-id=\"56fad93\" data-element_type=\"column\" data-e-type=\"column\">\n\t\t\t<div class=\"elementor-widget-wrap elementor-element-populated\">\n\t\t\t\t\t\t<div class=\"elementor-element elementor-element-18870c3 elementor-widget elementor-widget-image\" data-id=\"18870c3\" data-element_type=\"widget\" data-e-type=\"widget\" data-widget_type=\"image.default\">\n\t\t\t\t<div class=\"elementor-widget-container\">\n\t\t\t\t\t\t\t\t\t\t\t\t<figure class=\"wp-caption\">\n\t\t\t\t\t\t\t\t\t\t<img decoding=\"async\" width=\"577\" height=\"370\" data-src=\"https:\/\/mallorcapremiumtours.com\/\/wp-content\/uploads\/2020\/07\/castell-del-rei-ING.jpg\" class=\"elementor-animation-grow attachment-medium_large size-medium_large wp-image-13988 lazyload\" alt=\"Castle of the King of Pollen\u00e7a in Mallorca\" data-srcset=\"https:\/\/mallorcapremiumtours.com\/\/wp-content\/uploads\/2020\/07\/castell-del-rei-ING.jpg 577w, https:\/\/mallorcapremiumtours.com\/\/wp-content\/uploads\/2020\/07\/castell-del-rei-ING-300x192.jpg 300w\" data-sizes=\"(max-width: 577px) 100vw, 577px\" src=\"data:image\/svg+xml;base64,PHN2ZyB3aWR0aD0iMSIgaGVpZ2h0PSIxIiB4bWxucz0iaHR0cDovL3d3dy53My5vcmcvMjAwMC9zdmciPjwvc3ZnPg==\" style=\"--smush-placeholder-width: 577px; --smush-placeholder-aspect-ratio: 577\/370;\" \/>\t\t\t\t\t\t\t\t\t\t\t<figcaption class=\"widget-image-caption wp-caption-text\"><\/figcaption>\n\t\t\t\t\t\t\t\t\t\t<\/figure>\n\t\t\t\t\t\t\t\t\t<\/div>\n\t\t\t\t<\/div>\n\t\t\t\t\t<\/div>\n\t\t<\/div>\n\t\t\t\t\t<\/div>\n\t\t<\/section>\n\t\t\t\t\t<\/div>\n\t\t<\/div>\n\t\t\t\t\t<\/div>\n\t\t<\/section>\n\t\t\t\t<section class=\"elementor-section elementor-top-section elementor-element elementor-element-cf80e1b elementor-section-boxed elementor-section-height-default elementor-section-height-default\" data-id=\"cf80e1b\" data-element_type=\"section\" data-e-type=\"section\" data-settings=\"{&quot;background_background&quot;:&quot;classic&quot;}\">\n\t\t\t\t\t\t<div class=\"elementor-container elementor-column-gap-default\">\n\t\t\t\t\t<div class=\"elementor-column elementor-col-100 elementor-top-column elementor-element elementor-element-0e64d27\" data-id=\"0e64d27\" data-element_type=\"column\" data-e-type=\"column\">\n\t\t\t<div class=\"elementor-widget-wrap elementor-element-populated\">\n\t\t\t\t\t\t<div class=\"elementor-element elementor-element-afd944d elementor-widget elementor-widget-heading\" data-id=\"afd944d\" data-element_type=\"widget\" data-e-type=\"widget\" data-widget_type=\"heading.default\">\n\t\t\t\t<div class=\"elementor-widget-container\">\n\t\t\t\t\t<h2 class=\"elementor-heading-title elementor-size-default\">Nowadays, the rocky castles of Mallorca<\/h2>\t\t\t\t<\/div>\n\t\t\t\t<\/div>\n\t\t\t\t<div class=\"elementor-element elementor-element-93086c6 elementor-widget elementor-widget-text-editor\" data-id=\"93086c6\" data-element_type=\"widget\" data-e-type=\"widget\" data-widget_type=\"text-editor.default\">\n\t\t\t\t<div class=\"elementor-widget-container\">\n\t\t\t\t\t\t\t\t\t<p>Today, only the Alar\u00f3 castle and the Santueri castle can be visited.<\/p>\n<p>In Menorca can we find rocky castles: Santa \u00c0gueda (Ferreries), Ma\u00f3 and Sant Vicen\u00e7 (possibly in the Biniaiet area).<\/p>\n<p><span style=\"color: #7a588c;\"><strong>Sources<\/strong><\/span>:<\/p>\n<ul>\n<li>Casasnovas, M.A.: Hist\u00f2ria de les Illes Balears, ed. Moll, Palma, 2007.<\/li>\n<li>Durliat, M.: L\u2019art en el Regne de Mallorca, ed. Moll, Mallorca, 1989.<\/li>\n<li>Marimon Ribas, P.: \u201cEls castells roquers de Mallorca: dels or\u00edgens fins a la conquesta isl\u00e1mica \u00bb, Historica.cat, n. 9, 20 de setembre \u2013 3 d\u2019octubre de 2010).<\/li>\n<li>Rossell\u00f3 Bordoy, G.: \u201cTradici\u00f3 i pervivencia dels castells roquers a les Illes Orientals d\u2019al-Andalus\u201d a Sobre arabisme, antropon\u00edmia i perviv\u00e8ncies de l\u2019\u00e8poca isl\u00e1mica a Mallorca, ed. La foradada, Palma, 2018.<\/li>\n<\/ul>\n\t\t\t\t\t\t\t\t<\/div>\n\t\t\t\t<\/div>\n\t\t\t\t\t<\/div>\n\t\t<\/div>\n\t\t\t\t\t<\/div>\n\t\t<\/section>\n\t\t\t\t<section class=\"elementor-section elementor-top-section elementor-element elementor-element-7eae4a3 elementor-section-stretched elementor-section-boxed elementor-section-height-default elementor-section-height-default\" data-id=\"7eae4a3\" data-element_type=\"section\" data-e-type=\"section\" data-settings=\"{&quot;stretch_section&quot;:&quot;section-stretched&quot;,&quot;background_background&quot;:&quot;classic&quot;}\">\n\t\t\t\t\t\t<div class=\"elementor-container elementor-column-gap-default\">\n\t\t\t\t\t<div class=\"elementor-column elementor-col-100 elementor-top-column elementor-element elementor-element-7d4ed887\" data-id=\"7d4ed887\" data-element_type=\"column\" data-e-type=\"column\">\n\t\t\t<div class=\"elementor-widget-wrap elementor-element-populated\">\n\t\t\t\t\t\t<div class=\"elementor-element elementor-element-5f67f6a elementor-post-navigation-borders-yes elementor-invisible elementor-widget elementor-widget-post-navigation\" data-id=\"5f67f6a\" data-element_type=\"widget\" data-e-type=\"widget\" data-settings=\"{&quot;_animation&quot;:&quot;zoomIn&quot;}\" data-widget_type=\"post-navigation.default\">\n\t\t\t\t<div class=\"elementor-widget-container\">\n\t\t\t\t\t\t\t<div class=\"elementor-post-navigation\" role=\"navigation\" aria-label=\"Post Navigation\">\n\t\t\t<div class=\"elementor-post-navigation__prev elementor-post-navigation__link\">\n\t\t\t\t<a href=\"https:\/\/mallorcapremiumtours.com\/en\/blog\/quintus-cecilius-metellus\/\" rel=\"prev\"><span class=\"post-navigation__arrow-wrapper post-navigation__arrow-prev\"><i aria-hidden=\"true\" class=\"fas fa-angle-left\"><\/i><span class=\"elementor-screen-only\">Prev<\/span><\/span><span class=\"elementor-post-navigation__link__prev\"><span class=\"post-navigation__prev--label\">Anterior<\/span><span class=\"post-navigation__prev--title\">Quintus Cecilius Metellus<\/span><\/span><\/a>\t\t\t<\/div>\n\t\t\t\t\t\t\t<div class=\"elementor-post-navigation__separator-wrapper\">\n\t\t\t\t\t<div class=\"elementor-post-navigation__separator\"><\/div>\n\t\t\t\t<\/div>\n\t\t\t\t\t\t<div class=\"elementor-post-navigation__next elementor-post-navigation__link\">\n\t\t\t\t<a href=\"https:\/\/mallorcapremiumtours.com\/en\/blog\/corsairs-and-pirates\/\" rel=\"next\"><span class=\"elementor-post-navigation__link__next\"><span class=\"post-navigation__next--label\">Siguiente<\/span><span class=\"post-navigation__next--title\">Corsairs and pirates<\/span><\/span><span class=\"post-navigation__arrow-wrapper post-navigation__arrow-next\"><i aria-hidden=\"true\" class=\"fas fa-angle-right\"><\/i><span class=\"elementor-screen-only\">Next<\/span><\/span><\/a>\t\t\t<\/div>\n\t\t<\/div>\n\t\t\t\t\t\t<\/div>\n\t\t\t\t<\/div>\n\t\t\t\t\t<\/div>\n\t\t<\/div>\n\t\t\t\t\t<\/div>\n\t\t<\/section>\n\t\t\t\t<section class=\"elementor-section elementor-top-section elementor-element elementor-element-44ca6cfd elementor-section-stretched elementor-section-boxed elementor-section-height-default elementor-section-height-default\" data-id=\"44ca6cfd\" data-element_type=\"section\" data-e-type=\"section\" data-settings=\"{&quot;stretch_section&quot;:&quot;section-stretched&quot;,&quot;background_background&quot;:&quot;classic&quot;}\">\n\t\t\t\t\t\t<div class=\"elementor-container elementor-column-gap-default\">\n\t\t\t\t\t<div class=\"elementor-column elementor-col-100 elementor-top-column elementor-element elementor-element-46b840eb\" data-id=\"46b840eb\" data-element_type=\"column\" data-e-type=\"column\">\n\t\t\t<div class=\"elementor-widget-wrap elementor-element-populated\">\n\t\t\t\t\t\t<div class=\"elementor-element elementor-element-745fd024 elementor-invisible elementor-widget elementor-widget-theme-site-logo elementor-widget-image\" data-id=\"745fd024\" data-element_type=\"widget\" data-e-type=\"widget\" data-settings=\"{&quot;_animation&quot;:&quot;zoomIn&quot;}\" data-widget_type=\"theme-site-logo.default\">\n\t\t\t\t<div class=\"elementor-widget-container\">\n\t\t\t\t\t\t\t\t\t\t\t<a href=\"https:\/\/mallorcapremiumtours.com\/en\/\">\n\t\t\t<img decoding=\"async\" width=\"150\" height=\"150\" data-src=\"https:\/\/mallorcapremiumtours.com\/\/wp-content\/uploads\/2020\/03\/logotipo-mallorca-premium-tours-sin-fondo-reducida-ING-150x150.png\" class=\"attachment-thumbnail size-thumbnail wp-image-13936 lazyload\" alt=\"Mallorca Premium Tours logo\" src=\"data:image\/svg+xml;base64,PHN2ZyB3aWR0aD0iMSIgaGVpZ2h0PSIxIiB4bWxucz0iaHR0cDovL3d3dy53My5vcmcvMjAwMC9zdmciPjwvc3ZnPg==\" style=\"--smush-placeholder-width: 150px; --smush-placeholder-aspect-ratio: 150\/150;\" \/>\t\t\t\t<\/a>\n\t\t\t\t\t\t\t\t\t\t\t<\/div>\n\t\t\t\t<\/div>\n\t\t\t\t<div class=\"elementor-element elementor-element-3cac420b elementor-widget elementor-widget-text-editor\" data-id=\"3cac420b\" data-element_type=\"widget\" data-e-type=\"widget\" data-widget_type=\"text-editor.default\">\n\t\t\t\t<div class=\"elementor-widget-container\">\n\t\t\t\t\t\t\t\t\t<p>Mallorca Premium Tours &#8211; Guided Tours in Palma and Mallorca<\/p>\n\t\t\t\t\t\t\t\t<\/div>\n\t\t\t\t<\/div>\n\t\t\t\t\t<\/div>\n\t\t<\/div>\n\t\t\t\t\t<\/div>\n\t\t<\/section>\n\t\t\t\t<section class=\"elementor-section elementor-top-section elementor-element elementor-element-618f3502 elementor-section-stretched elementor-section-boxed elementor-section-height-default elementor-section-height-default\" data-id=\"618f3502\" data-element_type=\"section\" data-e-type=\"section\" data-settings=\"{&quot;stretch_section&quot;:&quot;section-stretched&quot;,&quot;background_background&quot;:&quot;classic&quot;}\">\n\t\t\t\t\t\t<div class=\"elementor-container elementor-column-gap-default\">\n\t\t\t\t\t<div class=\"elementor-column elementor-col-100 elementor-top-column elementor-element elementor-element-79b174dc\" data-id=\"79b174dc\" data-element_type=\"column\" data-e-type=\"column\">\n\t\t\t<div class=\"elementor-widget-wrap elementor-element-populated\">\n\t\t\t\t\t\t<div class=\"elementor-element elementor-element-6aeae63f elementor-widget elementor-widget-heading\" data-id=\"6aeae63f\" data-element_type=\"widget\" data-e-type=\"widget\" data-widget_type=\"heading.default\">\n\t\t\t\t<div class=\"elementor-widget-container\">\n\t\t\t\t\t<p class=\"elementor-heading-title elementor-size-default\">Follow us<\/p>\t\t\t\t<\/div>\n\t\t\t\t<\/div>\n\t\t\t\t<div class=\"elementor-element elementor-element-62828f92 elementor-shape-circle elementor-grid-0 e-grid-align-center elementor-widget elementor-widget-social-icons\" data-id=\"62828f92\" data-element_type=\"widget\" data-e-type=\"widget\" data-widget_type=\"social-icons.default\">\n\t\t\t\t<div class=\"elementor-widget-container\">\n\t\t\t\t\t\t\t<div class=\"elementor-social-icons-wrapper elementor-grid\" role=\"list\">\n\t\t\t\t\t\t\t<span class=\"elementor-grid-item\" role=\"listitem\">\n\t\t\t\t\t<a class=\"elementor-icon elementor-social-icon elementor-social-icon-facebook elementor-animation-pop elementor-repeater-item-bf4d568\" href=\"https:\/\/www.facebook.com\/mallorcapremiumtours\" target=\"_blank\">\n\t\t\t\t\t\t<span class=\"elementor-screen-only\">Facebook<\/span>\n\t\t\t\t\t\t<i aria-hidden=\"true\" class=\"fab fa-facebook\"><\/i>\t\t\t\t\t<\/a>\n\t\t\t\t<\/span>\n\t\t\t\t\t\t\t<span class=\"elementor-grid-item\" role=\"listitem\">\n\t\t\t\t\t<a class=\"elementor-icon elementor-social-icon elementor-social-icon-instagram elementor-animation-pop elementor-repeater-item-f6c5068\" href=\"https:\/\/www.instagram.com\/mallorcapremiumtours\/\" target=\"_blank\">\n\t\t\t\t\t\t<span class=\"elementor-screen-only\">Instagram<\/span>\n\t\t\t\t\t\t<i aria-hidden=\"true\" class=\"fab fa-instagram\"><\/i>\t\t\t\t\t<\/a>\n\t\t\t\t<\/span>\n\t\t\t\t\t\t\t<span class=\"elementor-grid-item\" role=\"listitem\">\n\t\t\t\t\t<a class=\"elementor-icon elementor-social-icon elementor-social-icon-pinterest elementor-animation-pop elementor-repeater-item-5e9ebaf\" href=\"https:\/\/www.pinterest.de\/mallorcafree\/boards\/\" target=\"_blank\">\n\t\t\t\t\t\t<span class=\"elementor-screen-only\">Pinterest<\/span>\n\t\t\t\t\t\t<i aria-hidden=\"true\" class=\"fab fa-pinterest\"><\/i>\t\t\t\t\t<\/a>\n\t\t\t\t<\/span>\n\t\t\t\t\t\t\t<span class=\"elementor-grid-item\" role=\"listitem\">\n\t\t\t\t\t<a class=\"elementor-icon elementor-social-icon elementor-social-icon-tripadvisor elementor-animation-pop elementor-repeater-item-cb9a814\" href=\"https:\/\/www.tripadvisor.es\/Attraction_Review-g187463-d12201527-Reviews-Tour_Teatro-Palma_de_Mallorca_Majorca_Balearic_Islands.html\" target=\"_blank\">\n\t\t\t\t\t\t<span class=\"elementor-screen-only\">Tripadvisor<\/span>\n\t\t\t\t\t\t<i aria-hidden=\"true\" class=\"fab fa-tripadvisor\"><\/i>\t\t\t\t\t<\/a>\n\t\t\t\t<\/span>\n\t\t\t\t\t\t\t<span class=\"elementor-grid-item\" role=\"listitem\">\n\t\t\t\t\t<a class=\"elementor-icon elementor-social-icon elementor-social-icon-linkedin elementor-animation-pop elementor-repeater-item-bdf72f7\" href=\"https:\/\/www.linkedin.com\/company\/tour-teatro\" target=\"_blank\">\n\t\t\t\t\t\t<span class=\"elementor-screen-only\">Linkedin<\/span>\n\t\t\t\t\t\t<i aria-hidden=\"true\" class=\"fab fa-linkedin\"><\/i>\t\t\t\t\t<\/a>\n\t\t\t\t<\/span>\n\t\t\t\t\t<\/div>\n\t\t\t\t\t\t<\/div>\n\t\t\t\t<\/div>\n\t\t\t\t\t<\/div>\n\t\t<\/div>\n\t\t\t\t\t<\/div>\n\t\t<\/section>\n\t\t\t\t<\/div>\n\t\t","protected":false},"excerpt":{"rendered":"<p>Curiosities of Mallorca Rocky castles of Mallorca Back to Blog The rocky castles of Mallorca Mallorca, due to its privileged location in the Mediterranean, has always been a significant strategic enclave, especially for trade routes. But this position has turned it into a zone of constant pirate attacks, incursions and conquests by neighbouring communities and &#8230; <a title=\"Rocky castles of Mallorca\" class=\"read-more\" href=\"https:\/\/mallorcapremiumtours.com\/en\/blog\/rocky-castls-of-mallorca\/\" aria-label=\"More on Rocky castles of Mallorca\">Read more<\/a><\/p>\n","protected":false},"author":1,"featured_media":7505,"comment_status":"open","ping_status":"open","sticky":false,"template":"elementor_header_footer","format":"standard","meta":{"footnotes":""},"categories":[36],"tags":[],"class_list":["post-7602","post","type-post","status-publish","format-standard","has-post-thumbnail","hentry","category-curiosities-of-mallorca"],"yoast_head":"<!-- This site is optimized with the Yoast SEO plugin v27.3 - https:\/\/yoast.com\/product\/yoast-seo-wordpress\/ -->\n<title>The Rocky castles of Mallorca - Castles of Mallorca<\/title>\n<meta name=\"description\" content=\"Do you know that in Mallorca there are three rocky castles? Discover where they are and their history. Learn more about these fortresses.\" \/>\n<meta name=\"robots\" content=\"index, follow, max-snippet:-1, max-image-preview:large, max-video-preview:-1\" \/>\n<link rel=\"canonical\" href=\"https:\/\/mallorcapremiumtours.com\/en\/blog\/rocky-castls-of-mallorca\/\" \/>\n<meta property=\"og:locale\" content=\"en_US\" \/>\n<meta property=\"og:type\" content=\"article\" \/>\n<meta property=\"og:title\" content=\"The Rocky castles of Mallorca - Castles of Mallorca\" \/>\n<meta property=\"og:description\" content=\"Do you know that in Mallorca there are three rocky castles? Discover where they are and their history. Learn more about these fortresses.\" \/>\n<meta property=\"og:url\" content=\"https:\/\/mallorcapremiumtours.com\/en\/blog\/rocky-castls-of-mallorca\/\" \/>\n<meta property=\"og:site_name\" content=\"Mallorca Premium Tours\" \/>\n<meta property=\"article:publisher\" content=\"https:\/\/www.facebook.com\/mallorcapremiumtours\/\" \/>\n<meta property=\"article:published_time\" content=\"2020-07-05T11:35:24+00:00\" \/>\n<meta property=\"article:modified_time\" content=\"2023-01-26T12:43:55+00:00\" \/>\n<meta property=\"og:image\" content=\"https:\/\/mallorcapremiumtours.com\/\/wp-content\/uploads\/2020\/06\/100_1701-1024x768.jpg\" \/>\n\t<meta property=\"og:image:width\" content=\"1024\" \/>\n\t<meta property=\"og:image:height\" content=\"768\" \/>\n\t<meta property=\"og:image:type\" content=\"image\/jpeg\" \/>\n<meta name=\"author\" content=\"admin\" \/>\n<meta name=\"twitter:card\" content=\"summary_large_image\" \/>\n<meta name=\"twitter:label1\" content=\"Written by\" \/>\n\t<meta name=\"twitter:data1\" content=\"admin\" \/>\n\t<meta name=\"twitter:label2\" content=\"Est. reading time\" \/>\n\t<meta name=\"twitter:data2\" content=\"7 minutes\" \/>\n<script type=\"application\/ld+json\" class=\"yoast-schema-graph\">{\"@context\":\"https:\\\/\\\/schema.org\",\"@graph\":[{\"@type\":\"Article\",\"@id\":\"https:\\\/\\\/mallorcapremiumtours.com\\\/en\\\/blog\\\/rocky-castls-of-mallorca\\\/#article\",\"isPartOf\":{\"@id\":\"https:\\\/\\\/mallorcapremiumtours.com\\\/en\\\/blog\\\/rocky-castls-of-mallorca\\\/\"},\"author\":{\"name\":\"admin\",\"@id\":\"https:\\\/\\\/mallorcapremiumtours.com\\\/#\\\/schema\\\/person\\\/31375b66db75ecd59b1a01d3b9a26789\"},\"headline\":\"Rocky castles of Mallorca\",\"datePublished\":\"2020-07-05T11:35:24+00:00\",\"dateModified\":\"2023-01-26T12:43:55+00:00\",\"mainEntityOfPage\":{\"@id\":\"https:\\\/\\\/mallorcapremiumtours.com\\\/en\\\/blog\\\/rocky-castls-of-mallorca\\\/\"},\"wordCount\":1018,\"commentCount\":0,\"publisher\":{\"@id\":\"https:\\\/\\\/mallorcapremiumtours.com\\\/#organization\"},\"image\":{\"@id\":\"https:\\\/\\\/mallorcapremiumtours.com\\\/en\\\/blog\\\/rocky-castls-of-mallorca\\\/#primaryimage\"},\"thumbnailUrl\":\"https:\\\/\\\/mallorcapremiumtours.com\\\/\\\/wp-content\\\/uploads\\\/2020\\\/06\\\/100_1701.jpg\",\"articleSection\":[\"Curiosities of Mallorca\"],\"inLanguage\":\"en-US\",\"potentialAction\":[{\"@type\":\"CommentAction\",\"name\":\"Comment\",\"target\":[\"https:\\\/\\\/mallorcapremiumtours.com\\\/en\\\/blog\\\/rocky-castls-of-mallorca\\\/#respond\"]}]},{\"@type\":\"WebPage\",\"@id\":\"https:\\\/\\\/mallorcapremiumtours.com\\\/en\\\/blog\\\/rocky-castls-of-mallorca\\\/\",\"url\":\"https:\\\/\\\/mallorcapremiumtours.com\\\/en\\\/blog\\\/rocky-castls-of-mallorca\\\/\",\"name\":\"The Rocky castles of Mallorca - Castles of Mallorca\",\"isPartOf\":{\"@id\":\"https:\\\/\\\/mallorcapremiumtours.com\\\/#website\"},\"primaryImageOfPage\":{\"@id\":\"https:\\\/\\\/mallorcapremiumtours.com\\\/en\\\/blog\\\/rocky-castls-of-mallorca\\\/#primaryimage\"},\"image\":{\"@id\":\"https:\\\/\\\/mallorcapremiumtours.com\\\/en\\\/blog\\\/rocky-castls-of-mallorca\\\/#primaryimage\"},\"thumbnailUrl\":\"https:\\\/\\\/mallorcapremiumtours.com\\\/\\\/wp-content\\\/uploads\\\/2020\\\/06\\\/100_1701.jpg\",\"datePublished\":\"2020-07-05T11:35:24+00:00\",\"dateModified\":\"2023-01-26T12:43:55+00:00\",\"description\":\"Do you know that in Mallorca there are three rocky castles? Discover where they are and their history. Learn more about these fortresses.\",\"breadcrumb\":{\"@id\":\"https:\\\/\\\/mallorcapremiumtours.com\\\/en\\\/blog\\\/rocky-castls-of-mallorca\\\/#breadcrumb\"},\"inLanguage\":\"en-US\",\"potentialAction\":[{\"@type\":\"ReadAction\",\"target\":[\"https:\\\/\\\/mallorcapremiumtours.com\\\/en\\\/blog\\\/rocky-castls-of-mallorca\\\/\"]}]},{\"@type\":\"ImageObject\",\"inLanguage\":\"en-US\",\"@id\":\"https:\\\/\\\/mallorcapremiumtours.com\\\/en\\\/blog\\\/rocky-castls-of-mallorca\\\/#primaryimage\",\"url\":\"https:\\\/\\\/mallorcapremiumtours.com\\\/\\\/wp-content\\\/uploads\\\/2020\\\/06\\\/100_1701.jpg\",\"contentUrl\":\"https:\\\/\\\/mallorcapremiumtours.com\\\/\\\/wp-content\\\/uploads\\\/2020\\\/06\\\/100_1701.jpg\",\"width\":2560,\"height\":1920,\"caption\":\"Santueri Castle (Felanitx)\"},{\"@type\":\"BreadcrumbList\",\"@id\":\"https:\\\/\\\/mallorcapremiumtours.com\\\/en\\\/blog\\\/rocky-castls-of-mallorca\\\/#breadcrumb\",\"itemListElement\":[{\"@type\":\"ListItem\",\"position\":1,\"name\":\"Portada\",\"item\":\"https:\\\/\\\/mallorcapremiumtours.com\\\/en\\\/\"},{\"@type\":\"ListItem\",\"position\":2,\"name\":\"Rocky castles of Mallorca\"}]},{\"@type\":\"WebSite\",\"@id\":\"https:\\\/\\\/mallorcapremiumtours.com\\\/#website\",\"url\":\"https:\\\/\\\/mallorcapremiumtours.com\\\/\",\"name\":\"Mallorca Premium Tours\",\"description\":\"Tours y visitas guiadas privadas en Mallorca\",\"publisher\":{\"@id\":\"https:\\\/\\\/mallorcapremiumtours.com\\\/#organization\"},\"potentialAction\":[{\"@type\":\"SearchAction\",\"target\":{\"@type\":\"EntryPoint\",\"urlTemplate\":\"https:\\\/\\\/mallorcapremiumtours.com\\\/?s={search_term_string}\"},\"query-input\":{\"@type\":\"PropertyValueSpecification\",\"valueRequired\":true,\"valueName\":\"search_term_string\"}}],\"inLanguage\":\"en-US\"},{\"@type\":\"Organization\",\"@id\":\"https:\\\/\\\/mallorcapremiumtours.com\\\/#organization\",\"name\":\"Mallorca Premium Tours\",\"url\":\"https:\\\/\\\/mallorcapremiumtours.com\\\/\",\"logo\":{\"@type\":\"ImageObject\",\"inLanguage\":\"en-US\",\"@id\":\"https:\\\/\\\/mallorcapremiumtours.com\\\/#\\\/schema\\\/logo\\\/image\\\/\",\"url\":\"https:\\\/\\\/mallorcapremiumtours.com\\\/\\\/wp-content\\\/uploads\\\/2023\\\/03\\\/Premium-tours-sin-fondo-reducida-ESP.png\",\"contentUrl\":\"https:\\\/\\\/mallorcapremiumtours.com\\\/\\\/wp-content\\\/uploads\\\/2023\\\/03\\\/Premium-tours-sin-fondo-reducida-ESP.png\",\"width\":608,\"height\":608,\"caption\":\"Mallorca Premium Tours\"},\"image\":{\"@id\":\"https:\\\/\\\/mallorcapremiumtours.com\\\/#\\\/schema\\\/logo\\\/image\\\/\"},\"sameAs\":[\"https:\\\/\\\/www.facebook.com\\\/mallorcapremiumtours\\\/\"]},{\"@type\":\"Person\",\"@id\":\"https:\\\/\\\/mallorcapremiumtours.com\\\/#\\\/schema\\\/person\\\/31375b66db75ecd59b1a01d3b9a26789\",\"name\":\"admin\",\"image\":{\"@type\":\"ImageObject\",\"inLanguage\":\"en-US\",\"@id\":\"https:\\\/\\\/secure.gravatar.com\\\/avatar\\\/6c360b62056484c7ef74b1996e188dcb4f1d4dd971cb37381c64e1b4df41692c?s=96&d=mm&r=g\",\"url\":\"https:\\\/\\\/secure.gravatar.com\\\/avatar\\\/6c360b62056484c7ef74b1996e188dcb4f1d4dd971cb37381c64e1b4df41692c?s=96&d=mm&r=g\",\"contentUrl\":\"https:\\\/\\\/secure.gravatar.com\\\/avatar\\\/6c360b62056484c7ef74b1996e188dcb4f1d4dd971cb37381c64e1b4df41692c?s=96&d=mm&r=g\",\"caption\":\"admin\"}}]}<\/script>\n<!-- \/ Yoast SEO plugin. -->","yoast_head_json":{"title":"The Rocky castles of Mallorca - Castles of Mallorca","description":"Do you know that in Mallorca there are three rocky castles? Discover where they are and their history. Learn more about these fortresses.","robots":{"index":"index","follow":"follow","max-snippet":"max-snippet:-1","max-image-preview":"max-image-preview:large","max-video-preview":"max-video-preview:-1"},"canonical":"https:\/\/mallorcapremiumtours.com\/en\/blog\/rocky-castls-of-mallorca\/","og_locale":"en_US","og_type":"article","og_title":"The Rocky castles of Mallorca - Castles of Mallorca","og_description":"Do you know that in Mallorca there are three rocky castles? Discover where they are and their history. Learn more about these fortresses.","og_url":"https:\/\/mallorcapremiumtours.com\/en\/blog\/rocky-castls-of-mallorca\/","og_site_name":"Mallorca Premium Tours","article_publisher":"https:\/\/www.facebook.com\/mallorcapremiumtours\/","article_published_time":"2020-07-05T11:35:24+00:00","article_modified_time":"2023-01-26T12:43:55+00:00","og_image":[{"width":1024,"height":768,"url":"https:\/\/mallorcapremiumtours.com\/\/wp-content\/uploads\/2020\/06\/100_1701-1024x768.jpg","type":"image\/jpeg"}],"author":"admin","twitter_card":"summary_large_image","twitter_misc":{"Written by":"admin","Est. reading time":"7 minutes"},"schema":{"@context":"https:\/\/schema.org","@graph":[{"@type":"Article","@id":"https:\/\/mallorcapremiumtours.com\/en\/blog\/rocky-castls-of-mallorca\/#article","isPartOf":{"@id":"https:\/\/mallorcapremiumtours.com\/en\/blog\/rocky-castls-of-mallorca\/"},"author":{"name":"admin","@id":"https:\/\/mallorcapremiumtours.com\/#\/schema\/person\/31375b66db75ecd59b1a01d3b9a26789"},"headline":"Rocky castles of Mallorca","datePublished":"2020-07-05T11:35:24+00:00","dateModified":"2023-01-26T12:43:55+00:00","mainEntityOfPage":{"@id":"https:\/\/mallorcapremiumtours.com\/en\/blog\/rocky-castls-of-mallorca\/"},"wordCount":1018,"commentCount":0,"publisher":{"@id":"https:\/\/mallorcapremiumtours.com\/#organization"},"image":{"@id":"https:\/\/mallorcapremiumtours.com\/en\/blog\/rocky-castls-of-mallorca\/#primaryimage"},"thumbnailUrl":"https:\/\/mallorcapremiumtours.com\/\/wp-content\/uploads\/2020\/06\/100_1701.jpg","articleSection":["Curiosities of Mallorca"],"inLanguage":"en-US","potentialAction":[{"@type":"CommentAction","name":"Comment","target":["https:\/\/mallorcapremiumtours.com\/en\/blog\/rocky-castls-of-mallorca\/#respond"]}]},{"@type":"WebPage","@id":"https:\/\/mallorcapremiumtours.com\/en\/blog\/rocky-castls-of-mallorca\/","url":"https:\/\/mallorcapremiumtours.com\/en\/blog\/rocky-castls-of-mallorca\/","name":"The Rocky castles of Mallorca - Castles of Mallorca","isPartOf":{"@id":"https:\/\/mallorcapremiumtours.com\/#website"},"primaryImageOfPage":{"@id":"https:\/\/mallorcapremiumtours.com\/en\/blog\/rocky-castls-of-mallorca\/#primaryimage"},"image":{"@id":"https:\/\/mallorcapremiumtours.com\/en\/blog\/rocky-castls-of-mallorca\/#primaryimage"},"thumbnailUrl":"https:\/\/mallorcapremiumtours.com\/\/wp-content\/uploads\/2020\/06\/100_1701.jpg","datePublished":"2020-07-05T11:35:24+00:00","dateModified":"2023-01-26T12:43:55+00:00","description":"Do you know that in Mallorca there are three rocky castles? Discover where they are and their history. Learn more about these fortresses.","breadcrumb":{"@id":"https:\/\/mallorcapremiumtours.com\/en\/blog\/rocky-castls-of-mallorca\/#breadcrumb"},"inLanguage":"en-US","potentialAction":[{"@type":"ReadAction","target":["https:\/\/mallorcapremiumtours.com\/en\/blog\/rocky-castls-of-mallorca\/"]}]},{"@type":"ImageObject","inLanguage":"en-US","@id":"https:\/\/mallorcapremiumtours.com\/en\/blog\/rocky-castls-of-mallorca\/#primaryimage","url":"https:\/\/mallorcapremiumtours.com\/\/wp-content\/uploads\/2020\/06\/100_1701.jpg","contentUrl":"https:\/\/mallorcapremiumtours.com\/\/wp-content\/uploads\/2020\/06\/100_1701.jpg","width":2560,"height":1920,"caption":"Santueri Castle (Felanitx)"},{"@type":"BreadcrumbList","@id":"https:\/\/mallorcapremiumtours.com\/en\/blog\/rocky-castls-of-mallorca\/#breadcrumb","itemListElement":[{"@type":"ListItem","position":1,"name":"Portada","item":"https:\/\/mallorcapremiumtours.com\/en\/"},{"@type":"ListItem","position":2,"name":"Rocky castles of Mallorca"}]},{"@type":"WebSite","@id":"https:\/\/mallorcapremiumtours.com\/#website","url":"https:\/\/mallorcapremiumtours.com\/","name":"Mallorca Premium Tours","description":"Tours y visitas guiadas privadas en Mallorca","publisher":{"@id":"https:\/\/mallorcapremiumtours.com\/#organization"},"potentialAction":[{"@type":"SearchAction","target":{"@type":"EntryPoint","urlTemplate":"https:\/\/mallorcapremiumtours.com\/?s={search_term_string}"},"query-input":{"@type":"PropertyValueSpecification","valueRequired":true,"valueName":"search_term_string"}}],"inLanguage":"en-US"},{"@type":"Organization","@id":"https:\/\/mallorcapremiumtours.com\/#organization","name":"Mallorca Premium Tours","url":"https:\/\/mallorcapremiumtours.com\/","logo":{"@type":"ImageObject","inLanguage":"en-US","@id":"https:\/\/mallorcapremiumtours.com\/#\/schema\/logo\/image\/","url":"https:\/\/mallorcapremiumtours.com\/\/wp-content\/uploads\/2023\/03\/Premium-tours-sin-fondo-reducida-ESP.png","contentUrl":"https:\/\/mallorcapremiumtours.com\/\/wp-content\/uploads\/2023\/03\/Premium-tours-sin-fondo-reducida-ESP.png","width":608,"height":608,"caption":"Mallorca Premium Tours"},"image":{"@id":"https:\/\/mallorcapremiumtours.com\/#\/schema\/logo\/image\/"},"sameAs":["https:\/\/www.facebook.com\/mallorcapremiumtours\/"]},{"@type":"Person","@id":"https:\/\/mallorcapremiumtours.com\/#\/schema\/person\/31375b66db75ecd59b1a01d3b9a26789","name":"admin","image":{"@type":"ImageObject","inLanguage":"en-US","@id":"https:\/\/secure.gravatar.com\/avatar\/6c360b62056484c7ef74b1996e188dcb4f1d4dd971cb37381c64e1b4df41692c?s=96&d=mm&r=g","url":"https:\/\/secure.gravatar.com\/avatar\/6c360b62056484c7ef74b1996e188dcb4f1d4dd971cb37381c64e1b4df41692c?s=96&d=mm&r=g","contentUrl":"https:\/\/secure.gravatar.com\/avatar\/6c360b62056484c7ef74b1996e188dcb4f1d4dd971cb37381c64e1b4df41692c?s=96&d=mm&r=g","caption":"admin"}}]}},"_links":{"self":[{"href":"https:\/\/mallorcapremiumtours.com\/en\/wp-json\/wp\/v2\/posts\/7602","targetHints":{"allow":["GET"]}}],"collection":[{"href":"https:\/\/mallorcapremiumtours.com\/en\/wp-json\/wp\/v2\/posts"}],"about":[{"href":"https:\/\/mallorcapremiumtours.com\/en\/wp-json\/wp\/v2\/types\/post"}],"author":[{"embeddable":true,"href":"https:\/\/mallorcapremiumtours.com\/en\/wp-json\/wp\/v2\/users\/1"}],"replies":[{"embeddable":true,"href":"https:\/\/mallorcapremiumtours.com\/en\/wp-json\/wp\/v2\/comments?post=7602"}],"version-history":[{"count":39,"href":"https:\/\/mallorcapremiumtours.com\/en\/wp-json\/wp\/v2\/posts\/7602\/revisions"}],"predecessor-version":[{"id":14027,"href":"https:\/\/mallorcapremiumtours.com\/en\/wp-json\/wp\/v2\/posts\/7602\/revisions\/14027"}],"wp:featuredmedia":[{"embeddable":true,"href":"https:\/\/mallorcapremiumtours.com\/en\/wp-json\/wp\/v2\/media\/7505"}],"wp:attachment":[{"href":"https:\/\/mallorcapremiumtours.com\/en\/wp-json\/wp\/v2\/media?parent=7602"}],"wp:term":[{"taxonomy":"category","embeddable":true,"href":"https:\/\/mallorcapremiumtours.com\/en\/wp-json\/wp\/v2\/categories?post=7602"},{"taxonomy":"post_tag","embeddable":true,"href":"https:\/\/mallorcapremiumtours.com\/en\/wp-json\/wp\/v2\/tags?post=7602"}],"curies":[{"name":"wp","href":"https:\/\/api.w.org\/{rel}","templated":true}]}}